{"id":190,"date":"2024-04-12T13:26:20","date_gmt":"2024-04-12T13:26:20","guid":{"rendered":"https:\/\/www.aiatorino.it\/aiatorino\/?p=190"},"modified":"2024-04-12T13:44:12","modified_gmt":"2024-04-12T13:44:12","slug":"inaugurato-il-nuovo-polo-di-allenamento-sezionale","status":"publish","type":"post","link":"https:\/\/www.aiatorino.it\/aiatorino\/home\/2024\/04\/12\/inaugurato-il-nuovo-polo-di-allenamento-sezionale\/","title":{"rendered":"Una giornata di Maria Sole Ferrieri Caputi"},"content":{"rendered":"\n<p class=\"wp-block-paragraph\">Torino, 9 aprile Parco della Colletta campo in sintetico, ore 14 e 45.<\/p>\n\n\n\n<p class=\"wp-block-paragraph\">Cross di Andrea, Aurelio aggancia il pallone, dribbla un difensore ed \u00e8 gol. Maria Sole assegna la rete e Stefano al VAR conferma che la posizione \u00e8 regolare, quindi gol. Rivediamo l&#8217;azione al rallenty. <strong>Andrea<\/strong> al secolo <strong>Mazzaferro<\/strong>,<strong> componente del Comitato Nazionale AIA<\/strong>, ha iniziato il progetto di avere pi\u00f9 poli sezionali per l&#8217;allenamento di tutti i tesserati in attivit\u00e0 in diverse parti della citt\u00e0 ed ha avviato i contatti. <strong>Aurelio Giorgianni, successore alla presidenza sezionale<\/strong>, ha raccolto il testimone e da buon ingegnere ha individuato il luogo adatto nel Parco della Colletta e trovato la disponibilit\u00e0 di Luca Deri &#8220;Presidente della Circoscrizione 7 di Torino&#8221;,&nbsp; ha elaborato un progetto che rispondesse alle norme vigenti ed ha portato a casa l&#8217;impianto della Colletta di via Aleramo.<\/p>\n\n\n\n<p class=\"wp-block-paragraph\"><strong>Maria Sole Ferrieri Caputi<\/strong>, primo arbitro donna &#8211; o meglio prima arbitra &#8211; a dirigere una gara di Serie A, ha accolto l&#8217;invito per svolgere la prima seduta di allenamento in questo nuovo polo con una trentina di colleghe e colleghi presenti per l&#8217;occasione, sotto lo sguardo attento di <strong>Stefano Lo Russo<\/strong> Sindaco di Torino, ma ancora prima arbitro di calcio ed attuale tesserato a tutti gli effetti.\u00a0Al Presidente della Circoscrizione 7 <strong>Luca Deri<\/strong> va il ringraziamento per aver capito il significato del progetto ed avergli dato gambe, nell&#8217;interesse dei giovani arbitri che possono trovare anche alla Colletta la loro casa. I giornalisti delle varie testate nazionali e locali vi hanno raccontato tutti gli aneddoti dell&#8217;evento che vi alleghiamo in grafica.<\/p>\n\n\n\n<p class=\"wp-block-paragraph\">Noi invece vi raccontiamo di Maria Sole Ferrieri Caputi a cui vogliamo rivolgere il nostro grazie perch\u00e9 ha voluto trascorrere una giornata con noi a partire dall&#8217;allenamento al campo della Colletta, insieme a tanti arbitri (femmine e maschi) giovani e meno giovani che hanno potuto constatare da molto vicino quanto sia forte lei e quanto sia importante la preparazione atletica. La migliore testimonianza che potessero ricevere: hanno condiviso con lei lo spogliatoio, il terreno di gioco e <strong>il nostro preparatore atletico Jordi Rivella<\/strong>, arbitro di Eccellenza, ha diretto la seduta atletica. E poi ancora la serata di formazione alle 19 e 30 nella splendida cornice dell&#8217;aula magna della School of Management di Torino con un&#8217;assemblea numerosissima che ha dato ulteriore prestigio all&#8217;evento, sotto lo sguardo attento di <strong>Fabrizio Malacart Presidente del CRA<\/strong>. Una prima parte dedicata al racconto della sua esperienza molto utile a livello motivazionale. Nella seconda gli approfondimenti tecnici con l&#8217;analisi di alcuni video di episodi da lei vissuti sul terreno di gioco e fatti commentare ai presenti.<\/p>\n\n\n\n<p class=\"wp-block-paragraph\">Alla serata di formazione con Maria Sole Ferrieri Caputi ha voluto essere presente <strong>Maria Grazia Grippo<\/strong>, prima donna ad essere eletta Presidente del Consiglio Comunale di Torino, che Aurelio Giorgianni ha ringraziato pubblicamente per aver manifestato la sua vicinanza e amicizia con la Sezione AIA di Torino.<\/p>\n\n\n\n<p class=\"wp-block-paragraph\">Ecco, questo \u00e8 il riassunto della giornata di Maria Sole Ferrieri Caputi alla Sezione AIA &#8220;Luca Colosimo&#8221; di Torino. La sua semplicit\u00e0 e l&#8217;impegno che ha profuso sono stati d&#8217;esempio per tutti coloro che hanno partecipato, che hanno contraccambiato facendole sentire lo spirito associativo che anima la nostra sezione, ormai diventata la Casa di molti arbitri&nbsp; e nella quale oggi ne sono stati accolti altri 21 neo qualificati dell&#8217;ultimo corso.<\/p>\n\n\n\n<p class=\"has-small-font-size wp-block-paragraph\"><em>Nino Gentile<\/em><\/p>\n","protected":false},"excerpt":{"rendered":"<p>Torino, 9 aprile Parco della Colletta campo in sintetico, ore 14 e 45. Cross di Andrea, Aurelio aggancia il pallone, dribbla un difensore ed \u00e8 gol. Maria Sole assegna la rete e Stefano al VAR conferma che la posizione \u00e8 regolare, quindi gol. Rivediamo l&#8217;azione al rallenty. Andrea al secolo Mazzaferro, componente del Comitato Nazionale [&hellip;]<\/p>\n","protected":false},"author":1,"featured_media":191,"comment_status":"open","ping_status":"open","sticky":false,"template":"","format":"standard","meta":{"pagelayer_contact_templates":[],"_pagelayer_content":"","footnotes":""},"categories":[1],"tags":[],"class_list":["post-190","post","type-post","status-publish","format-standard","has-post-thumbnail","hentry","category-uncategorized"],"yoast_head":"<!-- This site is optimized with the Yoast SEO plugin v28.4 - https:\/\/yoast.com\/product\/yoast-seo-wordpress\/ -->\n<title>Una giornata di Maria Sole Ferrieri Caputi - AIA Torino<\/title>\n<meta name=\"robots\" content=\"index, follow, max-snippet:-1, max-image-preview:large, max-video-preview:-1\" \/>\n<link rel=\"canonical\" href=\"https:\/\/www.aiatorino.it\/aiatorino\/home\/2024\/04\/12\/inaugurato-il-nuovo-polo-di-allenamento-sezionale\/\" \/>\n<meta property=\"og:locale\" content=\"it_IT\" \/>\n<meta property=\"og:type\" content=\"article\" \/>\n<meta property=\"og:title\" content=\"Una giornata di Maria Sole Ferrieri Caputi - AIA Torino\" \/>\n<meta property=\"og:description\" content=\"Torino, 9 aprile Parco della Colletta campo in sintetico, ore 14 e 45. Cross di Andrea, Aurelio aggancia il pallone, dribbla un difensore ed \u00e8 gol. Maria Sole assegna la rete e Stefano al VAR conferma che la posizione \u00e8 regolare, quindi gol. Rivediamo l&#8217;azione al rallenty. Andrea al secolo Mazzaferro, componente del Comitato Nazionale [&hellip;]\" \/>\n<meta property=\"og:url\" content=\"https:\/\/www.aiatorino.it\/aiatorino\/home\/2024\/04\/12\/inaugurato-il-nuovo-polo-di-allenamento-sezionale\/\" \/>\n<meta property=\"og:site_name\" content=\"AIA Torino\" \/>\n<meta property=\"article:publisher\" content=\"https:\/\/www.facebook.com\/aiatorino\" \/>\n<meta property=\"article:published_time\" content=\"2024-04-12T13:26:20+00:00\" \/>\n<meta property=\"article:modified_time\" content=\"2024-04-12T13:44:12+00:00\" \/>\n<meta property=\"og:image\" content=\"https:\/\/www.aiatorino.it\/aiatorino\/wp-content\/uploads\/2024\/04\/HEADERfotoarticolo.jpeg\" \/>\n\t<meta property=\"og:image:width\" content=\"1078\" \/>\n\t<meta property=\"og:image:height\" content=\"888\" \/>\n\t<meta property=\"og:image:type\" content=\"image\/jpeg\" \/>\n<meta name=\"author\" content=\"valentino_admin\" \/>\n<meta name=\"twitter:card\" content=\"summary_large_image\" \/>\n<meta name=\"twitter:label1\" content=\"Scritto da\" \/>\n\t<meta name=\"twitter:data1\" content=\"valentino_admin\" \/>\n\t<meta name=\"twitter:label2\" content=\"Tempo di lettura stimato\" \/>\n\t<meta name=\"twitter:data2\" content=\"3 minuti\" \/>\n<script type=\"application\/ld+json\" class=\"yoast-schema-graph\">{\"@context\":\"https:\\\/\\\/schema.org\",\"@graph\":[{\"@type\":\"Article\",\"@id\":\"https:\\\/\\\/www.aiatorino.it\\\/aiatorino\\\/home\\\/2024\\\/04\\\/12\\\/inaugurato-il-nuovo-polo-di-allenamento-sezionale\\\/#article\",\"isPartOf\":{\"@id\":\"https:\\\/\\\/www.aiatorino.it\\\/aiatorino\\\/home\\\/2024\\\/04\\\/12\\\/inaugurato-il-nuovo-polo-di-allenamento-sezionale\\\/\"},\"author\":{\"name\":\"valentino_admin\",\"@id\":\"https:\\\/\\\/www.aiatorino.it\\\/aiatorino\\\/home\\\/#\\\/schema\\\/person\\\/78e8a184892adb23eda77a2eba16af78\"},\"headline\":\"Una giornata di Maria Sole Ferrieri Caputi\",\"datePublished\":\"2024-04-12T13:26:20+00:00\",\"dateModified\":\"2024-04-12T13:44:12+00:00\",\"mainEntityOfPage\":{\"@id\":\"https:\\\/\\\/www.aiatorino.it\\\/aiatorino\\\/home\\\/2024\\\/04\\\/12\\\/inaugurato-il-nuovo-polo-di-allenamento-sezionale\\\/\"},\"wordCount\":563,\"commentCount\":0,\"publisher\":{\"@id\":\"https:\\\/\\\/www.aiatorino.it\\\/aiatorino\\\/home\\\/#organization\"},\"image\":{\"@id\":\"https:\\\/\\\/www.aiatorino.it\\\/aiatorino\\\/home\\\/2024\\\/04\\\/12\\\/inaugurato-il-nuovo-polo-di-allenamento-sezionale\\\/#primaryimage\"},\"thumbnailUrl\":\"https:\\\/\\\/www.aiatorino.it\\\/aiatorino\\\/wp-content\\\/uploads\\\/2024\\\/04\\\/HEADERfotoarticolo.jpeg\",\"articleSection\":[\"Uncategorized\"],\"inLanguage\":\"it-IT\",\"potentialAction\":[{\"@type\":\"CommentAction\",\"name\":\"Comment\",\"target\":[\"https:\\\/\\\/www.aiatorino.it\\\/aiatorino\\\/home\\\/2024\\\/04\\\/12\\\/inaugurato-il-nuovo-polo-di-allenamento-sezionale\\\/#respond\"]}]},{\"@type\":\"WebPage\",\"@id\":\"https:\\\/\\\/www.aiatorino.it\\\/aiatorino\\\/home\\\/2024\\\/04\\\/12\\\/inaugurato-il-nuovo-polo-di-allenamento-sezionale\\\/\",\"url\":\"https:\\\/\\\/www.aiatorino.it\\\/aiatorino\\\/home\\\/2024\\\/04\\\/12\\\/inaugurato-il-nuovo-polo-di-allenamento-sezionale\\\/\",\"name\":\"Una giornata di Maria Sole Ferrieri Caputi - AIA Torino\",\"isPartOf\":{\"@id\":\"https:\\\/\\\/www.aiatorino.it\\\/aiatorino\\\/home\\\/#website\"},\"primaryImageOfPage\":{\"@id\":\"https:\\\/\\\/www.aiatorino.it\\\/aiatorino\\\/home\\\/2024\\\/04\\\/12\\\/inaugurato-il-nuovo-polo-di-allenamento-sezionale\\\/#primaryimage\"},\"image\":{\"@id\":\"https:\\\/\\\/www.aiatorino.it\\\/aiatorino\\\/home\\\/2024\\\/04\\\/12\\\/inaugurato-il-nuovo-polo-di-allenamento-sezionale\\\/#primaryimage\"},\"thumbnailUrl\":\"https:\\\/\\\/www.aiatorino.it\\\/aiatorino\\\/wp-content\\\/uploads\\\/2024\\\/04\\\/HEADERfotoarticolo.jpeg\",\"datePublished\":\"2024-04-12T13:26:20+00:00\",\"dateModified\":\"2024-04-12T13:44:12+00:00\",\"breadcrumb\":{\"@id\":\"https:\\\/\\\/www.aiatorino.it\\\/aiatorino\\\/home\\\/2024\\\/04\\\/12\\\/inaugurato-il-nuovo-polo-di-allenamento-sezionale\\\/#breadcrumb\"},\"inLanguage\":\"it-IT\",\"potentialAction\":[{\"@type\":\"ReadAction\",\"target\":[\"https:\\\/\\\/www.aiatorino.it\\\/aiatorino\\\/home\\\/2024\\\/04\\\/12\\\/inaugurato-il-nuovo-polo-di-allenamento-sezionale\\\/\"]}]},{\"@type\":\"ImageObject\",\"inLanguage\":\"it-IT\",\"@id\":\"https:\\\/\\\/www.aiatorino.it\\\/aiatorino\\\/home\\\/2024\\\/04\\\/12\\\/inaugurato-il-nuovo-polo-di-allenamento-sezionale\\\/#primaryimage\",\"url\":\"https:\\\/\\\/www.aiatorino.it\\\/aiatorino\\\/wp-content\\\/uploads\\\/2024\\\/04\\\/HEADERfotoarticolo.jpeg\",\"contentUrl\":\"https:\\\/\\\/www.aiatorino.it\\\/aiatorino\\\/wp-content\\\/uploads\\\/2024\\\/04\\\/HEADERfotoarticolo.jpeg\",\"width\":1078,\"height\":888},{\"@type\":\"BreadcrumbList\",\"@id\":\"https:\\\/\\\/www.aiatorino.it\\\/aiatorino\\\/home\\\/2024\\\/04\\\/12\\\/inaugurato-il-nuovo-polo-di-allenamento-sezionale\\\/#breadcrumb\",\"itemListElement\":[{\"@type\":\"ListItem\",\"position\":1,\"name\":\"Home\",\"item\":\"https:\\\/\\\/www.aiatorino.it\\\/aiatorino\\\/home\\\/\"},{\"@type\":\"ListItem\",\"position\":2,\"name\":\"Una giornata di Maria Sole Ferrieri Caputi\"}]},{\"@type\":\"WebSite\",\"@id\":\"https:\\\/\\\/www.aiatorino.it\\\/aiatorino\\\/home\\\/#website\",\"url\":\"https:\\\/\\\/www.aiatorino.it\\\/aiatorino\\\/home\\\/\",\"name\":\"AIA Torino\",\"description\":\"Sezione Luca Colosimo\",\"publisher\":{\"@id\":\"https:\\\/\\\/www.aiatorino.it\\\/aiatorino\\\/home\\\/#organization\"},\"potentialAction\":[{\"@type\":\"SearchAction\",\"target\":{\"@type\":\"EntryPoint\",\"urlTemplate\":\"https:\\\/\\\/www.aiatorino.it\\\/aiatorino\\\/home\\\/?s={search_term_string}\"},\"query-input\":{\"@type\":\"PropertyValueSpecification\",\"valueRequired\":true,\"valueName\":\"search_term_string\"}}],\"inLanguage\":\"it-IT\"},{\"@type\":\"Organization\",\"@id\":\"https:\\\/\\\/www.aiatorino.it\\\/aiatorino\\\/home\\\/#organization\",\"name\":\"AIA Torino\",\"url\":\"https:\\\/\\\/www.aiatorino.it\\\/aiatorino\\\/home\\\/\",\"logo\":{\"@type\":\"ImageObject\",\"inLanguage\":\"it-IT\",\"@id\":\"https:\\\/\\\/www.aiatorino.it\\\/aiatorino\\\/home\\\/#\\\/schema\\\/logo\\\/image\\\/\",\"url\":\"https:\\\/\\\/www.aiatorino.it\\\/aiatorino\\\/wp-content\\\/uploads\\\/2025\\\/09\\\/logo-web.png\",\"contentUrl\":\"https:\\\/\\\/www.aiatorino.it\\\/aiatorino\\\/wp-content\\\/uploads\\\/2025\\\/09\\\/logo-web.png\",\"width\":512,\"height\":512,\"caption\":\"AIA Torino\"},\"image\":{\"@id\":\"https:\\\/\\\/www.aiatorino.it\\\/aiatorino\\\/home\\\/#\\\/schema\\\/logo\\\/image\\\/\"},\"sameAs\":[\"https:\\\/\\\/www.facebook.com\\\/aiatorino\",\"https:\\\/\\\/www.instagram.com\\\/aiatorino\\\/\"]},{\"@type\":\"Person\",\"@id\":\"https:\\\/\\\/www.aiatorino.it\\\/aiatorino\\\/home\\\/#\\\/schema\\\/person\\\/78e8a184892adb23eda77a2eba16af78\",\"name\":\"valentino_admin\",\"image\":{\"@type\":\"ImageObject\",\"inLanguage\":\"it-IT\",\"@id\":\"https:\\\/\\\/secure.gravatar.com\\\/avatar\\\/bbde1578ddadaabc76043c40016bfd58174aede21c2a83b62faca609659f9a48?s=96&d=mm&r=g\",\"url\":\"https:\\\/\\\/secure.gravatar.com\\\/avatar\\\/bbde1578ddadaabc76043c40016bfd58174aede21c2a83b62faca609659f9a48?s=96&d=mm&r=g\",\"contentUrl\":\"https:\\\/\\\/secure.gravatar.com\\\/avatar\\\/bbde1578ddadaabc76043c40016bfd58174aede21c2a83b62faca609659f9a48?s=96&d=mm&r=g\",\"caption\":\"valentino_admin\"},\"sameAs\":[\"https:\\\/\\\/www.aiatorino.it\\\/aiatorino\"],\"url\":\"https:\\\/\\\/www.aiatorino.it\\\/aiatorino\\\/home\\\/author\\\/valentino_admin\\\/\"}]}<\/script>\n<!-- \/ Yoast SEO plugin. -->","yoast_head_json":{"title":"Una giornata di Maria Sole Ferrieri Caputi - AIA Torino","robots":{"index":"index","follow":"follow","max-snippet":"max-snippet:-1","max-image-preview":"max-image-preview:large","max-video-preview":"max-video-preview:-1"},"canonical":"https:\/\/www.aiatorino.it\/aiatorino\/home\/2024\/04\/12\/inaugurato-il-nuovo-polo-di-allenamento-sezionale\/","og_locale":"it_IT","og_type":"article","og_title":"Una giornata di Maria Sole Ferrieri Caputi - AIA Torino","og_description":"Torino, 9 aprile Parco della Colletta campo in sintetico, ore 14 e 45. Cross di Andrea, Aurelio aggancia il pallone, dribbla un difensore ed \u00e8 gol. Maria Sole assegna la rete e Stefano al VAR conferma che la posizione \u00e8 regolare, quindi gol. Rivediamo l&#8217;azione al rallenty. Andrea al secolo Mazzaferro, componente del Comitato Nazionale [&hellip;]","og_url":"https:\/\/www.aiatorino.it\/aiatorino\/home\/2024\/04\/12\/inaugurato-il-nuovo-polo-di-allenamento-sezionale\/","og_site_name":"AIA Torino","article_publisher":"https:\/\/www.facebook.com\/aiatorino","article_published_time":"2024-04-12T13:26:20+00:00","article_modified_time":"2024-04-12T13:44:12+00:00","og_image":[{"width":1078,"height":888,"url":"https:\/\/www.aiatorino.it\/aiatorino\/wp-content\/uploads\/2024\/04\/HEADERfotoarticolo.jpeg","type":"image\/jpeg"}],"author":"valentino_admin","twitter_card":"summary_large_image","twitter_misc":{"Scritto da":"valentino_admin","Tempo di lettura stimato":"3 minuti"},"schema":{"@context":"https:\/\/schema.org","@graph":[{"@type":"Article","@id":"https:\/\/www.aiatorino.it\/aiatorino\/home\/2024\/04\/12\/inaugurato-il-nuovo-polo-di-allenamento-sezionale\/#article","isPartOf":{"@id":"https:\/\/www.aiatorino.it\/aiatorino\/home\/2024\/04\/12\/inaugurato-il-nuovo-polo-di-allenamento-sezionale\/"},"author":{"name":"valentino_admin","@id":"https:\/\/www.aiatorino.it\/aiatorino\/home\/#\/schema\/person\/78e8a184892adb23eda77a2eba16af78"},"headline":"Una giornata di Maria Sole Ferrieri Caputi","datePublished":"2024-04-12T13:26:20+00:00","dateModified":"2024-04-12T13:44:12+00:00","mainEntityOfPage":{"@id":"https:\/\/www.aiatorino.it\/aiatorino\/home\/2024\/04\/12\/inaugurato-il-nuovo-polo-di-allenamento-sezionale\/"},"wordCount":563,"commentCount":0,"publisher":{"@id":"https:\/\/www.aiatorino.it\/aiatorino\/home\/#organization"},"image":{"@id":"https:\/\/www.aiatorino.it\/aiatorino\/home\/2024\/04\/12\/inaugurato-il-nuovo-polo-di-allenamento-sezionale\/#primaryimage"},"thumbnailUrl":"https:\/\/www.aiatorino.it\/aiatorino\/wp-content\/uploads\/2024\/04\/HEADERfotoarticolo.jpeg","articleSection":["Uncategorized"],"inLanguage":"it-IT","potentialAction":[{"@type":"CommentAction","name":"Comment","target":["https:\/\/www.aiatorino.it\/aiatorino\/home\/2024\/04\/12\/inaugurato-il-nuovo-polo-di-allenamento-sezionale\/#respond"]}]},{"@type":"WebPage","@id":"https:\/\/www.aiatorino.it\/aiatorino\/home\/2024\/04\/12\/inaugurato-il-nuovo-polo-di-allenamento-sezionale\/","url":"https:\/\/www.aiatorino.it\/aiatorino\/home\/2024\/04\/12\/inaugurato-il-nuovo-polo-di-allenamento-sezionale\/","name":"Una giornata di Maria Sole Ferrieri Caputi - AIA Torino","isPartOf":{"@id":"https:\/\/www.aiatorino.it\/aiatorino\/home\/#website"},"primaryImageOfPage":{"@id":"https:\/\/www.aiatorino.it\/aiatorino\/home\/2024\/04\/12\/inaugurato-il-nuovo-polo-di-allenamento-sezionale\/#primaryimage"},"image":{"@id":"https:\/\/www.aiatorino.it\/aiatorino\/home\/2024\/04\/12\/inaugurato-il-nuovo-polo-di-allenamento-sezionale\/#primaryimage"},"thumbnailUrl":"https:\/\/www.aiatorino.it\/aiatorino\/wp-content\/uploads\/2024\/04\/HEADERfotoarticolo.jpeg","datePublished":"2024-04-12T13:26:20+00:00","dateModified":"2024-04-12T13:44:12+00:00","breadcrumb":{"@id":"https:\/\/www.aiatorino.it\/aiatorino\/home\/2024\/04\/12\/inaugurato-il-nuovo-polo-di-allenamento-sezionale\/#breadcrumb"},"inLanguage":"it-IT","potentialAction":[{"@type":"ReadAction","target":["https:\/\/www.aiatorino.it\/aiatorino\/home\/2024\/04\/12\/inaugurato-il-nuovo-polo-di-allenamento-sezionale\/"]}]},{"@type":"ImageObject","inLanguage":"it-IT","@id":"https:\/\/www.aiatorino.it\/aiatorino\/home\/2024\/04\/12\/inaugurato-il-nuovo-polo-di-allenamento-sezionale\/#primaryimage","url":"https:\/\/www.aiatorino.it\/aiatorino\/wp-content\/uploads\/2024\/04\/HEADERfotoarticolo.jpeg","contentUrl":"https:\/\/www.aiatorino.it\/aiatorino\/wp-content\/uploads\/2024\/04\/HEADERfotoarticolo.jpeg","width":1078,"height":888},{"@type":"BreadcrumbList","@id":"https:\/\/www.aiatorino.it\/aiatorino\/home\/2024\/04\/12\/inaugurato-il-nuovo-polo-di-allenamento-sezionale\/#breadcrumb","itemListElement":[{"@type":"ListItem","position":1,"name":"Home","item":"https:\/\/www.aiatorino.it\/aiatorino\/home\/"},{"@type":"ListItem","position":2,"name":"Una giornata di Maria Sole Ferrieri Caputi"}]},{"@type":"WebSite","@id":"https:\/\/www.aiatorino.it\/aiatorino\/home\/#website","url":"https:\/\/www.aiatorino.it\/aiatorino\/home\/","name":"AIA Torino","description":"Sezione Luca Colosimo","publisher":{"@id":"https:\/\/www.aiatorino.it\/aiatorino\/home\/#organization"},"potentialAction":[{"@type":"SearchAction","target":{"@type":"EntryPoint","urlTemplate":"https:\/\/www.aiatorino.it\/aiatorino\/home\/?s={search_term_string}"},"query-input":{"@type":"PropertyValueSpecification","valueRequired":true,"valueName":"search_term_string"}}],"inLanguage":"it-IT"},{"@type":"Organization","@id":"https:\/\/www.aiatorino.it\/aiatorino\/home\/#organization","name":"AIA Torino","url":"https:\/\/www.aiatorino.it\/aiatorino\/home\/","logo":{"@type":"ImageObject","inLanguage":"it-IT","@id":"https:\/\/www.aiatorino.it\/aiatorino\/home\/#\/schema\/logo\/image\/","url":"https:\/\/www.aiatorino.it\/aiatorino\/wp-content\/uploads\/2025\/09\/logo-web.png","contentUrl":"https:\/\/www.aiatorino.it\/aiatorino\/wp-content\/uploads\/2025\/09\/logo-web.png","width":512,"height":512,"caption":"AIA Torino"},"image":{"@id":"https:\/\/www.aiatorino.it\/aiatorino\/home\/#\/schema\/logo\/image\/"},"sameAs":["https:\/\/www.facebook.com\/aiatorino","https:\/\/www.instagram.com\/aiatorino\/"]},{"@type":"Person","@id":"https:\/\/www.aiatorino.it\/aiatorino\/home\/#\/schema\/person\/78e8a184892adb23eda77a2eba16af78","name":"valentino_admin","image":{"@type":"ImageObject","inLanguage":"it-IT","@id":"https:\/\/secure.gravatar.com\/avatar\/bbde1578ddadaabc76043c40016bfd58174aede21c2a83b62faca609659f9a48?s=96&d=mm&r=g","url":"https:\/\/secure.gravatar.com\/avatar\/bbde1578ddadaabc76043c40016bfd58174aede21c2a83b62faca609659f9a48?s=96&d=mm&r=g","contentUrl":"https:\/\/secure.gravatar.com\/avatar\/bbde1578ddadaabc76043c40016bfd58174aede21c2a83b62faca609659f9a48?s=96&d=mm&r=g","caption":"valentino_admin"},"sameAs":["https:\/\/www.aiatorino.it\/aiatorino"],"url":"https:\/\/www.aiatorino.it\/aiatorino\/home\/author\/valentino_admin\/"}]}},"_links":{"self":[{"href":"https:\/\/www.aiatorino.it\/aiatorino\/home\/wp-json\/wp\/v2\/posts\/190","targetHints":{"allow":["GET"]}}],"collection":[{"href":"https:\/\/www.aiatorino.it\/aiatorino\/home\/wp-json\/wp\/v2\/posts"}],"about":[{"href":"https:\/\/www.aiatorino.it\/aiatorino\/home\/wp-json\/wp\/v2\/types\/post"}],"author":[{"embeddable":true,"href":"https:\/\/www.aiatorino.it\/aiatorino\/home\/wp-json\/wp\/v2\/users\/1"}],"replies":[{"embeddable":true,"href":"https:\/\/www.aiatorino.it\/aiatorino\/home\/wp-json\/wp\/v2\/comments?post=190"}],"version-history":[{"count":6,"href":"https:\/\/www.aiatorino.it\/aiatorino\/home\/wp-json\/wp\/v2\/posts\/190\/revisions"}],"predecessor-version":[{"id":198,"href":"https:\/\/www.aiatorino.it\/aiatorino\/home\/wp-json\/wp\/v2\/posts\/190\/revisions\/198"}],"wp:featuredmedia":[{"embeddable":true,"href":"https:\/\/www.aiatorino.it\/aiatorino\/home\/wp-json\/wp\/v2\/media\/191"}],"wp:attachment":[{"href":"https:\/\/www.aiatorino.it\/aiatorino\/home\/wp-json\/wp\/v2\/media?parent=190"}],"wp:term":[{"taxonomy":"category","embeddable":true,"href":"https:\/\/www.aiatorino.it\/aiatorino\/home\/wp-json\/wp\/v2\/categories?post=190"},{"taxonomy":"post_tag","embeddable":true,"href":"https:\/\/www.aiatorino.it\/aiatorino\/home\/wp-json\/wp\/v2\/tags?post=190"}],"curies":[{"name":"wp","href":"https:\/\/api.w.org\/{rel}","templated":true}]}}