{"id":210,"date":"2024-05-13T10:53:03","date_gmt":"2024-05-13T10:53:03","guid":{"rendered":"https:\/\/www.aiatorino.it\/aiatorino\/?p=210"},"modified":"2024-05-27T09:54:44","modified_gmt":"2024-05-27T09:54:44","slug":"il-sogno-di-luca-premio-luca-colosimo-2024-nona-edizione","status":"publish","type":"post","link":"https:\/\/www.aiatorino.it\/aiatorino\/home\/2024\/05\/13\/il-sogno-di-luca-premio-luca-colosimo-2024-nona-edizione\/","title":{"rendered":"Il sogno di Luca &#8211; Premio Luca Colosimo 2024 Nona Edizione"},"content":{"rendered":"\n<p class=\"wp-block-paragraph\">Sarai ricordato sempre!&nbsp;<\/p>\n\n\n\n<p class=\"wp-block-paragraph\">Il <strong>Premio Luca Colosimo<\/strong> \u00e8 fare memoria di un giovane arbitro talentuoso in campo e generoso verso il prossimo nella vita di tutti i giorni.<\/p>\n\n\n\n<p class=\"wp-block-paragraph\">E del suo sogno: <strong>arbitrare in Serie A<\/strong>!<\/p>\n\n\n\n<p class=\"wp-block-paragraph\">Per questo \u00e8 stato fortemente voluto dal suo ideatore <strong>Andrea Mazzaferro<\/strong>.<\/p>\n\n\n\n<p class=\"wp-block-paragraph\">Per questo lo celebrano al termine di ogni anno gli Associati della <strong>Sezione AIA di Torino<\/strong>.<\/p>\n\n\n\n<p class=\"wp-block-paragraph\">E in questo modo testimoniano a gran voce che <strong>Luca Colosimo<\/strong> non \u00e8 soltanto il nome a cui \u00e8 dedicata la sezione ma \u00e8 una presenza viva nel cuore e nella mente di tutti.<\/p>\n\n\n\n<p class=\"wp-block-paragraph\"><strong>Il sogno di Luca oggi \u00e8 realt\u00e0 per Matteo Marchetti vincitore della Nona Edizione.<\/strong><\/p>\n\n\n\n<p class=\"wp-block-paragraph\">Un&#8217;edizione speciale, anzi unica, perch\u00e9 Matteo \u00e8 stato promosso in CAN C nel 2015, anno del terribile incidente che ha tolto la vita a Luca all&#8217;alba del suo matrimonio, ed ha raccolto il sogno di Luca portandolo a compimento.<\/p>\n\n\n\n<p class=\"wp-block-paragraph\"><strong>\u201cSono molto orgoglioso del premio che mi avete assegnato perch\u00e9 vuol dire che mi avete in qualche modo paragonato a Luca\u201d, dichiara all\u2019assemblea Matteo<\/strong> Marchetti subito dopo aver ricevuto il premio consegnato dal Presidente dall\u2019AIA Carlo Pacifici.<\/p>\n\n\n\n<p class=\"wp-block-paragraph\">Sul palco il <strong>Presidente della Sezione di Torino Aurelio Giorgianni<\/strong> a fare da cerimoniere. Protagonisti principali lo spirito di appartenenza che lui emana nel suo modo di agire il ruolo di presidente e gli Associati che hanno gremito la sala dell\u2019Atlantic Hotel di Borgaro, dove si \u00e8 celebrata la nona edizione del <strong>Premio Luca Colosimo<\/strong> assegnato alla migliore giovane promessa tra gli arbitri della CAN A e B, che si \u00e8 contraddistinta in campo per le sue doti tecniche e nella vita per le sue doti morali ed etiche.<\/p>\n\n\n\n<p class=\"wp-block-paragraph\">Ha avuto ragione <strong>Andrea Mazzaferro<\/strong>: l\u2019istituzione del premio \u00e8 stata l\u2019idea giusta. Lo avrebbe voluto condurre per l\u2019ultima volta nel 12\u00b0 anno che avrebbe dovuto segnare la conclusione del suo mandato da presidente della sezione, ma i fatti che hanno segnato la vita dell\u2019AIA a livello nazionale lo hanno chiamato ad altro incarico. Cos\u00ec \u00e8 toccato anche ad <strong>Aurelio Giorgianni<\/strong>, che ha organizzato e condotto il tutto con la semplicit\u00e0 e l\u2019arguzia che lo contraddistinguono.<\/p>\n\n\n\n<p class=\"wp-block-paragraph\">Gli interventi che si sono succeduti da <strong>Antonio Zappi, componente del Comitato Nazionale dell&#8217;AIA<\/strong>, al <strong>Presidente dell\u2019AIA Carlo Pacifici<\/strong> hanno messo in evidenza le doti tecniche e umane di Luca Colosimo e la forte passione per l\u2019arbitraggio, con il racconto di alcuni episodi della carriera di Luca che hanno vissuto insieme a lui.<\/p>\n\n\n\n<p class=\"wp-block-paragraph\"><strong>Alfredo Trentalange<\/strong> ha voluto entrare pi\u00f9 nel privato della vita di Luca ricordando l\u2019impegno di volontariato che svolgeva in oratorio nel poco tempo libero che gli rimaneva a disposizione e che oggi \u00e8 testimoniato dalla targa posta nel campo di calcio che grazie a lui \u00e8 stato possibile ristrutturare. Forte l\u2019emozione di Fabrizio Malacart, Presidente del CRA, mentre nel suo intervento ricordava gli istanti in cui ricevette la terribile notizia.<\/p>\n\n\n\n<p class=\"wp-block-paragraph\">Presenza significativa quella di <strong>Maria Grazia Grippo<\/strong>, da poco eletta per la seconda volta Presidente del Consiglio Comunale di Torino, che ha condiviso quanto \u00e8 stato complesso il percorso che ha portato avanti <strong>per intitolare un piazza a Luca Colosimo in quel di Villaretto<\/strong>.<\/p>\n\n\n\n<p class=\"wp-block-paragraph\"><strong>Aurelio Giorgianni<\/strong> a poche ore dal rientro da Agrigento, dove si \u00e8 recato con i componenti dell\u2019organo tecnico sezionale ad accompagnare i giovani arbitri per il progetto IN ALTO, ha gestito la macchina dei preparativi coadiuvato da uno staff impareggiabile di collaboratori e la serata si \u00e8 svolta in modo impeccabile. Unico incidente: la pianta travolta nella foga di porgere il microfono a Franco Costamagna nel momento della presentazione del \u201c<strong>Premio Emilio Isoardi<\/strong>\u201d che ha aperto la serata. Il Premio Emilio Isoardi nasce per ricordare un dirigente, venuto a mancare da poco tempo, che si \u00e8 distinto per moltissimi anni dietro la scrivania nella gestione della sezione, sia per sottolinearne i meriti che l\u2019importanza del ruolo. Una persona, un amico sottolinea il Presidente Giorgianni, che ha saputo coniugare al carattere spigoloso la schiettezza e correttezza con cui comunicava fatti e provvedimenti ai tesserati qualunque fosse il loro ruolo o la fama acquisita in Associazione, come ricorda appunto Franco Costamagna nel tracciarne il profilo. Si \u00e8 distinto anche a livello nazionale prestando servizio per 4 anni nel S.I.N., il Servizio Istruttivo Nazionale grazie al quale si formano i dirigenti del settore amministrativo. Il premio \u00e8 stato consegnato dalla moglie di Emilio Isoardi a Gian Marco Pellegrino, che in questi anni ne ha raccolto il testimone.<\/p>\n\n\n\n<p class=\"wp-block-paragraph\">Dopo il via alla festa con la premiazione degli Associati che si sono distinti durante la stagione 2023-24.<\/p>\n\n\n\n<p class=\"wp-block-paragraph\">E per salutare tutti un pensiero di Carlo Pacifici: \u201c<strong>Non smettete mai di sognare perch\u00e9 a volte i sogni si avverano<\/strong>.\u201d<\/p>\n\n\n\n<p class=\"wp-block-paragraph\"><a href=\"https:\/\/www.aiatorino.it\/aiatorino\/ix-premio-luca-colosimo-galleria-foto\/\" data-type=\"page\" data-id=\"293\">IX Premio Luca Colosimo &#8211; Galleria Fotografica Premiazione<\/a><\/p>\n\n\n\n<p class=\"wp-block-paragraph\"><a href=\"https:\/\/www.aiatorino.it\/aiatorino\/1-premio-emilio-isoardi-galleria-foto\/\" data-type=\"page\" data-id=\"244\">I Premio Emilio Isoardi &#8211; Galleria Fotografica<\/a><\/p>\n\n\n\n<p class=\"wp-block-paragraph\"><a href=\"https:\/\/www.aiatorino.it\/aiatorino\/cena-ix-premio-luca-colosimo-galleria-foto\/\" data-type=\"page\" data-id=\"331\">Cena IX\u00b0 Premio Luca Colosimo &#8211; Galleria foto<\/a><\/p>\n\n\n","protected":false},"excerpt":{"rendered":"<p>Sarai ricordato sempre!&nbsp; Il Premio Luca Colosimo \u00e8 fare memoria di un giovane arbitro talentuoso in campo e generoso verso il prossimo nella vita di tutti i giorni. E del suo sogno: arbitrare in Serie A! Per questo \u00e8 stato fortemente voluto dal suo ideatore Andrea Mazzaferro. Per questo lo celebrano al termine di ogni [&hellip;]<\/p>\n","protected":false},"author":1,"featured_media":211,"comment_status":"open","ping_status":"open","sticky":false,"template":"","format":"standard","meta":{"pagelayer_contact_templates":[],"_pagelayer_content":"","footnotes":""},"categories":[4],"tags":[],"class_list":["post-210","post","type-post","status-publish","format-standard","has-post-thumbnail","hentry","category-in-sezione"],"yoast_head":"<!-- This site is optimized with the Yoast SEO plugin v28.4 - https:\/\/yoast.com\/product\/yoast-seo-wordpress\/ -->\n<title>Il sogno di Luca - Premio Luca Colosimo 2024 Nona Edizione - AIA Torino<\/title>\n<meta name=\"robots\" content=\"index, follow, max-snippet:-1, max-image-preview:large, max-video-preview:-1\" \/>\n<link rel=\"canonical\" href=\"https:\/\/www.aiatorino.it\/aiatorino\/home\/2024\/05\/13\/il-sogno-di-luca-premio-luca-colosimo-2024-nona-edizione\/\" \/>\n<meta property=\"og:locale\" content=\"it_IT\" \/>\n<meta property=\"og:type\" content=\"article\" \/>\n<meta property=\"og:title\" content=\"Il sogno di Luca - Premio Luca Colosimo 2024 Nona Edizione - AIA Torino\" \/>\n<meta property=\"og:description\" content=\"Sarai ricordato sempre!&nbsp; Il Premio Luca Colosimo \u00e8 fare memoria di un giovane arbitro talentuoso in campo e generoso verso il prossimo nella vita di tutti i giorni. E del suo sogno: arbitrare in Serie A! Per questo \u00e8 stato fortemente voluto dal suo ideatore Andrea Mazzaferro. Per questo lo celebrano al termine di ogni [&hellip;]\" \/>\n<meta property=\"og:url\" content=\"https:\/\/www.aiatorino.it\/aiatorino\/home\/2024\/05\/13\/il-sogno-di-luca-premio-luca-colosimo-2024-nona-edizione\/\" \/>\n<meta property=\"og:site_name\" content=\"AIA Torino\" \/>\n<meta property=\"article:publisher\" content=\"https:\/\/www.facebook.com\/aiatorino\" \/>\n<meta property=\"article:published_time\" content=\"2024-05-13T10:53:03+00:00\" \/>\n<meta property=\"article:modified_time\" content=\"2024-05-27T09:54:44+00:00\" \/>\n<meta property=\"og:image\" content=\"https:\/\/www.aiatorino.it\/aiatorino\/wp-content\/uploads\/2024\/05\/premioColosimo.jpeg\" \/>\n\t<meta property=\"og:image:width\" content=\"2000\" \/>\n\t<meta property=\"og:image:height\" content=\"900\" \/>\n\t<meta property=\"og:image:type\" content=\"image\/jpeg\" \/>\n<meta name=\"author\" content=\"valentino_admin\" \/>\n<meta name=\"twitter:card\" content=\"summary_large_image\" \/>\n<meta name=\"twitter:label1\" content=\"Scritto da\" \/>\n\t<meta name=\"twitter:data1\" content=\"valentino_admin\" \/>\n\t<meta name=\"twitter:label2\" content=\"Tempo di lettura stimato\" \/>\n\t<meta name=\"twitter:data2\" content=\"4 minuti\" \/>\n<script type=\"application\/ld+json\" class=\"yoast-schema-graph\">{\"@context\":\"https:\\\/\\\/schema.org\",\"@graph\":[{\"@type\":\"Article\",\"@id\":\"https:\\\/\\\/www.aiatorino.it\\\/aiatorino\\\/home\\\/2024\\\/05\\\/13\\\/il-sogno-di-luca-premio-luca-colosimo-2024-nona-edizione\\\/#article\",\"isPartOf\":{\"@id\":\"https:\\\/\\\/www.aiatorino.it\\\/aiatorino\\\/home\\\/2024\\\/05\\\/13\\\/il-sogno-di-luca-premio-luca-colosimo-2024-nona-edizione\\\/\"},\"author\":{\"name\":\"valentino_admin\",\"@id\":\"https:\\\/\\\/www.aiatorino.it\\\/aiatorino\\\/home\\\/#\\\/schema\\\/person\\\/78e8a184892adb23eda77a2eba16af78\"},\"headline\":\"Il sogno di Luca &#8211; Premio Luca Colosimo 2024 Nona Edizione\",\"datePublished\":\"2024-05-13T10:53:03+00:00\",\"dateModified\":\"2024-05-27T09:54:44+00:00\",\"mainEntityOfPage\":{\"@id\":\"https:\\\/\\\/www.aiatorino.it\\\/aiatorino\\\/home\\\/2024\\\/05\\\/13\\\/il-sogno-di-luca-premio-luca-colosimo-2024-nona-edizione\\\/\"},\"wordCount\":802,\"commentCount\":0,\"publisher\":{\"@id\":\"https:\\\/\\\/www.aiatorino.it\\\/aiatorino\\\/home\\\/#organization\"},\"image\":{\"@id\":\"https:\\\/\\\/www.aiatorino.it\\\/aiatorino\\\/home\\\/2024\\\/05\\\/13\\\/il-sogno-di-luca-premio-luca-colosimo-2024-nona-edizione\\\/#primaryimage\"},\"thumbnailUrl\":\"https:\\\/\\\/www.aiatorino.it\\\/aiatorino\\\/wp-content\\\/uploads\\\/2024\\\/05\\\/premioColosimo.jpeg\",\"articleSection\":[\"In sezione\"],\"inLanguage\":\"it-IT\",\"potentialAction\":[{\"@type\":\"CommentAction\",\"name\":\"Comment\",\"target\":[\"https:\\\/\\\/www.aiatorino.it\\\/aiatorino\\\/home\\\/2024\\\/05\\\/13\\\/il-sogno-di-luca-premio-luca-colosimo-2024-nona-edizione\\\/#respond\"]}]},{\"@type\":\"WebPage\",\"@id\":\"https:\\\/\\\/www.aiatorino.it\\\/aiatorino\\\/home\\\/2024\\\/05\\\/13\\\/il-sogno-di-luca-premio-luca-colosimo-2024-nona-edizione\\\/\",\"url\":\"https:\\\/\\\/www.aiatorino.it\\\/aiatorino\\\/home\\\/2024\\\/05\\\/13\\\/il-sogno-di-luca-premio-luca-colosimo-2024-nona-edizione\\\/\",\"name\":\"Il sogno di Luca - Premio Luca Colosimo 2024 Nona Edizione - AIA Torino\",\"isPartOf\":{\"@id\":\"https:\\\/\\\/www.aiatorino.it\\\/aiatorino\\\/home\\\/#website\"},\"primaryImageOfPage\":{\"@id\":\"https:\\\/\\\/www.aiatorino.it\\\/aiatorino\\\/home\\\/2024\\\/05\\\/13\\\/il-sogno-di-luca-premio-luca-colosimo-2024-nona-edizione\\\/#primaryimage\"},\"image\":{\"@id\":\"https:\\\/\\\/www.aiatorino.it\\\/aiatorino\\\/home\\\/2024\\\/05\\\/13\\\/il-sogno-di-luca-premio-luca-colosimo-2024-nona-edizione\\\/#primaryimage\"},\"thumbnailUrl\":\"https:\\\/\\\/www.aiatorino.it\\\/aiatorino\\\/wp-content\\\/uploads\\\/2024\\\/05\\\/premioColosimo.jpeg\",\"datePublished\":\"2024-05-13T10:53:03+00:00\",\"dateModified\":\"2024-05-27T09:54:44+00:00\",\"breadcrumb\":{\"@id\":\"https:\\\/\\\/www.aiatorino.it\\\/aiatorino\\\/home\\\/2024\\\/05\\\/13\\\/il-sogno-di-luca-premio-luca-colosimo-2024-nona-edizione\\\/#breadcrumb\"},\"inLanguage\":\"it-IT\",\"potentialAction\":[{\"@type\":\"ReadAction\",\"target\":[\"https:\\\/\\\/www.aiatorino.it\\\/aiatorino\\\/home\\\/2024\\\/05\\\/13\\\/il-sogno-di-luca-premio-luca-colosimo-2024-nona-edizione\\\/\"]}]},{\"@type\":\"ImageObject\",\"inLanguage\":\"it-IT\",\"@id\":\"https:\\\/\\\/www.aiatorino.it\\\/aiatorino\\\/home\\\/2024\\\/05\\\/13\\\/il-sogno-di-luca-premio-luca-colosimo-2024-nona-edizione\\\/#primaryimage\",\"url\":\"https:\\\/\\\/www.aiatorino.it\\\/aiatorino\\\/wp-content\\\/uploads\\\/2024\\\/05\\\/premioColosimo.jpeg\",\"contentUrl\":\"https:\\\/\\\/www.aiatorino.it\\\/aiatorino\\\/wp-content\\\/uploads\\\/2024\\\/05\\\/premioColosimo.jpeg\",\"width\":2000,\"height\":900,\"caption\":\"Matteo Marchetti vincitore della Nona Edizione\"},{\"@type\":\"BreadcrumbList\",\"@id\":\"https:\\\/\\\/www.aiatorino.it\\\/aiatorino\\\/home\\\/2024\\\/05\\\/13\\\/il-sogno-di-luca-premio-luca-colosimo-2024-nona-edizione\\\/#breadcrumb\",\"itemListElement\":[{\"@type\":\"ListItem\",\"position\":1,\"name\":\"Home\",\"item\":\"https:\\\/\\\/www.aiatorino.it\\\/aiatorino\\\/home\\\/\"},{\"@type\":\"ListItem\",\"position\":2,\"name\":\"Il sogno di Luca &#8211; Premio Luca Colosimo 2024 Nona Edizione\"}]},{\"@type\":\"WebSite\",\"@id\":\"https:\\\/\\\/www.aiatorino.it\\\/aiatorino\\\/home\\\/#website\",\"url\":\"https:\\\/\\\/www.aiatorino.it\\\/aiatorino\\\/home\\\/\",\"name\":\"AIA Torino\",\"description\":\"Sezione Luca Colosimo\",\"publisher\":{\"@id\":\"https:\\\/\\\/www.aiatorino.it\\\/aiatorino\\\/home\\\/#organization\"},\"potentialAction\":[{\"@type\":\"SearchAction\",\"target\":{\"@type\":\"EntryPoint\",\"urlTemplate\":\"https:\\\/\\\/www.aiatorino.it\\\/aiatorino\\\/home\\\/?s={search_term_string}\"},\"query-input\":{\"@type\":\"PropertyValueSpecification\",\"valueRequired\":true,\"valueName\":\"search_term_string\"}}],\"inLanguage\":\"it-IT\"},{\"@type\":\"Organization\",\"@id\":\"https:\\\/\\\/www.aiatorino.it\\\/aiatorino\\\/home\\\/#organization\",\"name\":\"AIA Torino\",\"url\":\"https:\\\/\\\/www.aiatorino.it\\\/aiatorino\\\/home\\\/\",\"logo\":{\"@type\":\"ImageObject\",\"inLanguage\":\"it-IT\",\"@id\":\"https:\\\/\\\/www.aiatorino.it\\\/aiatorino\\\/home\\\/#\\\/schema\\\/logo\\\/image\\\/\",\"url\":\"https:\\\/\\\/www.aiatorino.it\\\/aiatorino\\\/wp-content\\\/uploads\\\/2025\\\/09\\\/logo-web.png\",\"contentUrl\":\"https:\\\/\\\/www.aiatorino.it\\\/aiatorino\\\/wp-content\\\/uploads\\\/2025\\\/09\\\/logo-web.png\",\"width\":512,\"height\":512,\"caption\":\"AIA Torino\"},\"image\":{\"@id\":\"https:\\\/\\\/www.aiatorino.it\\\/aiatorino\\\/home\\\/#\\\/schema\\\/logo\\\/image\\\/\"},\"sameAs\":[\"https:\\\/\\\/www.facebook.com\\\/aiatorino\",\"https:\\\/\\\/www.instagram.com\\\/aiatorino\\\/\"]},{\"@type\":\"Person\",\"@id\":\"https:\\\/\\\/www.aiatorino.it\\\/aiatorino\\\/home\\\/#\\\/schema\\\/person\\\/78e8a184892adb23eda77a2eba16af78\",\"name\":\"valentino_admin\",\"image\":{\"@type\":\"ImageObject\",\"inLanguage\":\"it-IT\",\"@id\":\"https:\\\/\\\/secure.gravatar.com\\\/avatar\\\/bbde1578ddadaabc76043c40016bfd58174aede21c2a83b62faca609659f9a48?s=96&d=mm&r=g\",\"url\":\"https:\\\/\\\/secure.gravatar.com\\\/avatar\\\/bbde1578ddadaabc76043c40016bfd58174aede21c2a83b62faca609659f9a48?s=96&d=mm&r=g\",\"contentUrl\":\"https:\\\/\\\/secure.gravatar.com\\\/avatar\\\/bbde1578ddadaabc76043c40016bfd58174aede21c2a83b62faca609659f9a48?s=96&d=mm&r=g\",\"caption\":\"valentino_admin\"},\"sameAs\":[\"https:\\\/\\\/www.aiatorino.it\\\/aiatorino\"],\"url\":\"https:\\\/\\\/www.aiatorino.it\\\/aiatorino\\\/home\\\/author\\\/valentino_admin\\\/\"}]}<\/script>\n<!-- \/ Yoast SEO plugin. -->","yoast_head_json":{"title":"Il sogno di Luca - Premio Luca Colosimo 2024 Nona Edizione - AIA Torino","robots":{"index":"index","follow":"follow","max-snippet":"max-snippet:-1","max-image-preview":"max-image-preview:large","max-video-preview":"max-video-preview:-1"},"canonical":"https:\/\/www.aiatorino.it\/aiatorino\/home\/2024\/05\/13\/il-sogno-di-luca-premio-luca-colosimo-2024-nona-edizione\/","og_locale":"it_IT","og_type":"article","og_title":"Il sogno di Luca - Premio Luca Colosimo 2024 Nona Edizione - AIA Torino","og_description":"Sarai ricordato sempre!&nbsp; Il Premio Luca Colosimo \u00e8 fare memoria di un giovane arbitro talentuoso in campo e generoso verso il prossimo nella vita di tutti i giorni. E del suo sogno: arbitrare in Serie A! Per questo \u00e8 stato fortemente voluto dal suo ideatore Andrea Mazzaferro. Per questo lo celebrano al termine di ogni [&hellip;]","og_url":"https:\/\/www.aiatorino.it\/aiatorino\/home\/2024\/05\/13\/il-sogno-di-luca-premio-luca-colosimo-2024-nona-edizione\/","og_site_name":"AIA Torino","article_publisher":"https:\/\/www.facebook.com\/aiatorino","article_published_time":"2024-05-13T10:53:03+00:00","article_modified_time":"2024-05-27T09:54:44+00:00","og_image":[{"width":2000,"height":900,"url":"https:\/\/www.aiatorino.it\/aiatorino\/wp-content\/uploads\/2024\/05\/premioColosimo.jpeg","type":"image\/jpeg"}],"author":"valentino_admin","twitter_card":"summary_large_image","twitter_misc":{"Scritto da":"valentino_admin","Tempo di lettura stimato":"4 minuti"},"schema":{"@context":"https:\/\/schema.org","@graph":[{"@type":"Article","@id":"https:\/\/www.aiatorino.it\/aiatorino\/home\/2024\/05\/13\/il-sogno-di-luca-premio-luca-colosimo-2024-nona-edizione\/#article","isPartOf":{"@id":"https:\/\/www.aiatorino.it\/aiatorino\/home\/2024\/05\/13\/il-sogno-di-luca-premio-luca-colosimo-2024-nona-edizione\/"},"author":{"name":"valentino_admin","@id":"https:\/\/www.aiatorino.it\/aiatorino\/home\/#\/schema\/person\/78e8a184892adb23eda77a2eba16af78"},"headline":"Il sogno di Luca &#8211; Premio Luca Colosimo 2024 Nona Edizione","datePublished":"2024-05-13T10:53:03+00:00","dateModified":"2024-05-27T09:54:44+00:00","mainEntityOfPage":{"@id":"https:\/\/www.aiatorino.it\/aiatorino\/home\/2024\/05\/13\/il-sogno-di-luca-premio-luca-colosimo-2024-nona-edizione\/"},"wordCount":802,"commentCount":0,"publisher":{"@id":"https:\/\/www.aiatorino.it\/aiatorino\/home\/#organization"},"image":{"@id":"https:\/\/www.aiatorino.it\/aiatorino\/home\/2024\/05\/13\/il-sogno-di-luca-premio-luca-colosimo-2024-nona-edizione\/#primaryimage"},"thumbnailUrl":"https:\/\/www.aiatorino.it\/aiatorino\/wp-content\/uploads\/2024\/05\/premioColosimo.jpeg","articleSection":["In sezione"],"inLanguage":"it-IT","potentialAction":[{"@type":"CommentAction","name":"Comment","target":["https:\/\/www.aiatorino.it\/aiatorino\/home\/2024\/05\/13\/il-sogno-di-luca-premio-luca-colosimo-2024-nona-edizione\/#respond"]}]},{"@type":"WebPage","@id":"https:\/\/www.aiatorino.it\/aiatorino\/home\/2024\/05\/13\/il-sogno-di-luca-premio-luca-colosimo-2024-nona-edizione\/","url":"https:\/\/www.aiatorino.it\/aiatorino\/home\/2024\/05\/13\/il-sogno-di-luca-premio-luca-colosimo-2024-nona-edizione\/","name":"Il sogno di Luca - Premio Luca Colosimo 2024 Nona Edizione - AIA Torino","isPartOf":{"@id":"https:\/\/www.aiatorino.it\/aiatorino\/home\/#website"},"primaryImageOfPage":{"@id":"https:\/\/www.aiatorino.it\/aiatorino\/home\/2024\/05\/13\/il-sogno-di-luca-premio-luca-colosimo-2024-nona-edizione\/#primaryimage"},"image":{"@id":"https:\/\/www.aiatorino.it\/aiatorino\/home\/2024\/05\/13\/il-sogno-di-luca-premio-luca-colosimo-2024-nona-edizione\/#primaryimage"},"thumbnailUrl":"https:\/\/www.aiatorino.it\/aiatorino\/wp-content\/uploads\/2024\/05\/premioColosimo.jpeg","datePublished":"2024-05-13T10:53:03+00:00","dateModified":"2024-05-27T09:54:44+00:00","breadcrumb":{"@id":"https:\/\/www.aiatorino.it\/aiatorino\/home\/2024\/05\/13\/il-sogno-di-luca-premio-luca-colosimo-2024-nona-edizione\/#breadcrumb"},"inLanguage":"it-IT","potentialAction":[{"@type":"ReadAction","target":["https:\/\/www.aiatorino.it\/aiatorino\/home\/2024\/05\/13\/il-sogno-di-luca-premio-luca-colosimo-2024-nona-edizione\/"]}]},{"@type":"ImageObject","inLanguage":"it-IT","@id":"https:\/\/www.aiatorino.it\/aiatorino\/home\/2024\/05\/13\/il-sogno-di-luca-premio-luca-colosimo-2024-nona-edizione\/#primaryimage","url":"https:\/\/www.aiatorino.it\/aiatorino\/wp-content\/uploads\/2024\/05\/premioColosimo.jpeg","contentUrl":"https:\/\/www.aiatorino.it\/aiatorino\/wp-content\/uploads\/2024\/05\/premioColosimo.jpeg","width":2000,"height":900,"caption":"Matteo Marchetti vincitore della Nona Edizione"},{"@type":"BreadcrumbList","@id":"https:\/\/www.aiatorino.it\/aiatorino\/home\/2024\/05\/13\/il-sogno-di-luca-premio-luca-colosimo-2024-nona-edizione\/#breadcrumb","itemListElement":[{"@type":"ListItem","position":1,"name":"Home","item":"https:\/\/www.aiatorino.it\/aiatorino\/home\/"},{"@type":"ListItem","position":2,"name":"Il sogno di Luca &#8211; Premio Luca Colosimo 2024 Nona Edizione"}]},{"@type":"WebSite","@id":"https:\/\/www.aiatorino.it\/aiatorino\/home\/#website","url":"https:\/\/www.aiatorino.it\/aiatorino\/home\/","name":"AIA Torino","description":"Sezione Luca Colosimo","publisher":{"@id":"https:\/\/www.aiatorino.it\/aiatorino\/home\/#organization"},"potentialAction":[{"@type":"SearchAction","target":{"@type":"EntryPoint","urlTemplate":"https:\/\/www.aiatorino.it\/aiatorino\/home\/?s={search_term_string}"},"query-input":{"@type":"PropertyValueSpecification","valueRequired":true,"valueName":"search_term_string"}}],"inLanguage":"it-IT"},{"@type":"Organization","@id":"https:\/\/www.aiatorino.it\/aiatorino\/home\/#organization","name":"AIA Torino","url":"https:\/\/www.aiatorino.it\/aiatorino\/home\/","logo":{"@type":"ImageObject","inLanguage":"it-IT","@id":"https:\/\/www.aiatorino.it\/aiatorino\/home\/#\/schema\/logo\/image\/","url":"https:\/\/www.aiatorino.it\/aiatorino\/wp-content\/uploads\/2025\/09\/logo-web.png","contentUrl":"https:\/\/www.aiatorino.it\/aiatorino\/wp-content\/uploads\/2025\/09\/logo-web.png","width":512,"height":512,"caption":"AIA Torino"},"image":{"@id":"https:\/\/www.aiatorino.it\/aiatorino\/home\/#\/schema\/logo\/image\/"},"sameAs":["https:\/\/www.facebook.com\/aiatorino","https:\/\/www.instagram.com\/aiatorino\/"]},{"@type":"Person","@id":"https:\/\/www.aiatorino.it\/aiatorino\/home\/#\/schema\/person\/78e8a184892adb23eda77a2eba16af78","name":"valentino_admin","image":{"@type":"ImageObject","inLanguage":"it-IT","@id":"https:\/\/secure.gravatar.com\/avatar\/bbde1578ddadaabc76043c40016bfd58174aede21c2a83b62faca609659f9a48?s=96&d=mm&r=g","url":"https:\/\/secure.gravatar.com\/avatar\/bbde1578ddadaabc76043c40016bfd58174aede21c2a83b62faca609659f9a48?s=96&d=mm&r=g","contentUrl":"https:\/\/secure.gravatar.com\/avatar\/bbde1578ddadaabc76043c40016bfd58174aede21c2a83b62faca609659f9a48?s=96&d=mm&r=g","caption":"valentino_admin"},"sameAs":["https:\/\/www.aiatorino.it\/aiatorino"],"url":"https:\/\/www.aiatorino.it\/aiatorino\/home\/author\/valentino_admin\/"}]}},"_links":{"self":[{"href":"https:\/\/www.aiatorino.it\/aiatorino\/home\/wp-json\/wp\/v2\/posts\/210","targetHints":{"allow":["GET"]}}],"collection":[{"href":"https:\/\/www.aiatorino.it\/aiatorino\/home\/wp-json\/wp\/v2\/posts"}],"about":[{"href":"https:\/\/www.aiatorino.it\/aiatorino\/home\/wp-json\/wp\/v2\/types\/post"}],"author":[{"embeddable":true,"href":"https:\/\/www.aiatorino.it\/aiatorino\/home\/wp-json\/wp\/v2\/users\/1"}],"replies":[{"embeddable":true,"href":"https:\/\/www.aiatorino.it\/aiatorino\/home\/wp-json\/wp\/v2\/comments?post=210"}],"version-history":[{"count":6,"href":"https:\/\/www.aiatorino.it\/aiatorino\/home\/wp-json\/wp\/v2\/posts\/210\/revisions"}],"predecessor-version":[{"id":451,"href":"https:\/\/www.aiatorino.it\/aiatorino\/home\/wp-json\/wp\/v2\/posts\/210\/revisions\/451"}],"wp:featuredmedia":[{"embeddable":true,"href":"https:\/\/www.aiatorino.it\/aiatorino\/home\/wp-json\/wp\/v2\/media\/211"}],"wp:attachment":[{"href":"https:\/\/www.aiatorino.it\/aiatorino\/home\/wp-json\/wp\/v2\/media?parent=210"}],"wp:term":[{"taxonomy":"category","embeddable":true,"href":"https:\/\/www.aiatorino.it\/aiatorino\/home\/wp-json\/wp\/v2\/categories?post=210"},{"taxonomy":"post_tag","embeddable":true,"href":"https:\/\/www.aiatorino.it\/aiatorino\/home\/wp-json\/wp\/v2\/tags?post=210"}],"curies":[{"name":"wp","href":"https:\/\/api.w.org\/{rel}","templated":true}]}}