{"id":472,"date":"2024-06-16T16:38:00","date_gmt":"2024-06-16T16:38:00","guid":{"rendered":"https:\/\/www.aiatorino.it\/aiatorino\/?p=472"},"modified":"2024-06-19T17:21:35","modified_gmt":"2024-06-19T17:21:35","slug":"assemblea-sezionale-di-fine-anno-11-giugno-2024","status":"publish","type":"post","link":"https:\/\/www.aiatorino.it\/aiatorino\/home\/2024\/06\/16\/assemblea-sezionale-di-fine-anno-11-giugno-2024\/","title":{"rendered":"Assemblea sezionale di fine anno \u2013 11 giugno 2024"},"content":{"rendered":"\n<p class=\"wp-block-paragraph\">Ore 19 dell\u201911 giugno.<br>Cortile di Valdocco e sala Sangalli gremiti. L\u2019Assemblea ha raggiunto il numero legale per essere<br>correttamente costituita ed avviata. Puntuale, come tutti gli eventi organizzati quest\u2019anno, ha inizio.<br><\/p>\n\n\n\n<p class=\"wp-block-paragraph\">Viene nominato il tavolo di presidenza che avr\u00e0 il compito di gestire tutte le fasi dell\u2019Assemblea Ordinaria e viene eletto come Presidente dell\u2019Assemblea Antonio Fornari. Non ci saranno le elezioni del nuovo<br>Presidente a causa del rinvio dovuto ai lavori in corso del Consiglio Federale, che ha approvato nel<br>frattempo, all\u2019unanimit\u00e0, i nuovi Principi Informatori dell\u2019Associazione Italiana Arbitri, rispetto ai quali i<br>Regolamenti AIA dovranno essere uniformati. Da questo percorso deriveranno le norme che porteranno<br>all\u2019elezione del Presidente Nazionale e del Comitato Nazionale; quindi verranno prima indette le elezioni<br>sezionali secondo i nuovi regolamenti e, nel frattempo, Aurelio Giorgianni rimarr\u00e0 in carica \u201csine die\u201d come presidente sezionale.<br>Il programma:<\/p>\n\n\n\n<ul class=\"wp-block-list\">\n<li>lettura della \u201cRelazione tecnica e associativa della Stagione sportiva 2023\/2024\u201d a cura del Presidente<br>Aurelio Giorgianni.<\/li>\n\n\n\n<li>votazione dell\u2019assemblea, che viene decisa con voto palese per alzata di mano.<\/li>\n\n\n\n<li>lettura della relazione economica a cura di Pietro OggianoPresidente dell\u2019Organo di Revisione Sezionale.<\/li>\n\n\n\n<li>votazione dell\u2019assemblea, anch\u2019essa per alzata di mano.<\/li>\n\n\n\n<li>elezioni dei due membri dell\u2019ORS che comporranno il nuovo organo insieme al terzo che sar\u00e0 nominato dal CRA.<\/li>\n\n\n\n<li><\/li>\n<\/ul>\n\n\n\n<p class=\"wp-block-paragraph\"><br>Ciascuna delle relazioni \u00e8 approvata all\u2019unanimit\u00e0 e l\u2019applauso dell\u2019Assemblea sancisce il gradimento del lavoro svolto durante quest\u2019 anno.<br>A seguire si sono svolte le votazioni dei due membri dell\u2019ORS e sono risultati eletti rispettivamente Arianna Presepi e Giuseppe Bono. Foto di rito con il Presidente Giorgianni e conclusione dei lavori alle ore 21,30.<br>Questa la cronaca dello svolgimento dei lavori assembleari.<br><\/p>\n\n\n\n<p class=\"wp-block-paragraph\">Ma l\u2019evento come sempre \u00e8 stato occasione di incontro tra i convenuti. Tra giovani e giovanissimi, vecchi e nuovi. \u00c8 stato occasione di scambio delle esperienze fatte durante l\u2019anno. Tutto questo a testimonianza<br>della vitalit\u00e0 dell\u2019Associazione Luca Colosimo, che da quest\u2019anno annovera 43 nuovi arbitri grazie lavoro di coloro che hanno gestito gli ultimi due corsi.<br>Aurelio Giorgianni, nella sua relazione, ci tiene a ribadire: \u201cSono diverse le novit\u00e0 ed i fatti accaduti durante l\u2019anno ma il fulcro del lavoro della Sezione \u00e8 l\u2019attivit\u00e0 dell\u2019OTS che ha registrato oltre 4000 designazioni, garantendo un servizio di qualit\u00e0 allo svolgimento dei campionati provinciali e regionali di nostra competenza, sotto la sapiente regia di Walter Virgilio, Giuseppe Alibrio e Pierpaolo Loffredo. Pi\u00f9 di 700 le visionature effettuate da OT, OA e Tutor, gestite dagli OT Antonio Sasso e Raffaele Pisano con il prezioso supporto di Sergio Bonetto, fondamentali alla crescita dei nostri ragazzi e delle nostre ragazze.\u201d<br><\/p>\n\n\n\n<p class=\"wp-block-paragraph\">Cos\u00ec come inizia la sua relazione citando la riconferma di Fabrizio Malacart a Presidente del CRA Piemonte<br>VdA avvenuta per i meriti ottenuti sul campo: \u201c\u2026 E non era per niente scontata, ma frutto dell\u2019ottimo<br>lavoro svolto e dei conseguenti risultati ottenuti nell\u2019annata precedente.\u201d E non \u00e8 stata l\u2019unica nomina che<br>ha dato lustro alla Sezione di Torino: ben 12 sono stati gli Associati della nostra sezione ad essere nominati a vario titolo nelle varie Commissioni Nazionali. Lungo \u00e8 anche l\u2019elenco delle sessioni di formazione organizzate, ben 22, e degli ospiti che le hanno nobilitate: Andrea Mazzaferro componente del CN; Riccardo Crivellari del settore tecnico ed Emanuel Tidona del CRA; Umberto Galasso, Gabriele Framba, Gianluca Cipriano, Giacomo Rossini, Lorenzo Massari, arbitri e assistenti associati delle categorie nazionali; Alfredo Trentalange; Roberto Rosetti; Maria Sole Ferrieri Caputi; Chiara Perona Arbitro internazionale di C5; Giorgia Rocchetta, psicologa dello Sport; il Presidente Nazionale AIA Carlo Pacifici e Antonio Zappi, componente del Comitato Nazionale dell&#8217;AIA, entrambi intervenuti alla \u201cNona Edizione\u201d del Premio Luca Colosimo (di cui abbiamo scritto nell\u2019articolo pubblicato il 13 maggio) e che al suo interno ha ospitato la Prima Edizione del Premio Isoardi.<br>Ci sono inoltre alcuni progetti che meritano di essere riportati e condivisi ulteriormente, tra le attivit\u00e0 svolte in questo anno associativo che si conclude.<br>Il progetto sperimentale di formazione destinato a 6 giovani OA, che, in maniera del tutto volontaria, hanno accettato un percorso di tutoraggio effettuato da Luigi Stella e Claudio Cantino sotto l\u2019attenta supervisione dei due OT Antonio Sasso e Raffaele Pisano.<br>Il progetto INALTO con cinque nostri giovani arbitri, che hanno vissuto un\u2019indimenticabile esperienza nel dirigere una gara nella provincia di Agrigento: occasione unica sotto l\u2019aspetto umano, culturale e di socializzazione.<br>La concessione di un campo di allenamento presso il centro sportivo della Colletta, inaugurato alla presenza del nostro primo cittadino e associato Stefano Lo Russo, grazie alla fattiva collaborazione delle autorit\u00e0 locali.<br>Le attivit\u00e0 associative per\u00f2 non sono terminate con l\u2019Assemblea, perch\u00e9 il primo giugno si \u00e8 svolto il<br>Memorial Mirabelli di Atletica leggera presso i campi messi a disposizione dal CUS Torino e 15 e 16 giugno la nostra squadra di calcio ha partecipato al torneo Nazionale di Calcio delle Sezioni AIA.<br>E lasciamo alle parole del Presidente Aurelio Giorgianni la chiusura e i saluti finali: \u201cLa conclusione di questa intensa stagione ci conduce al tempo delle riflessioni e dei bilanci. Sono consapevole e convinto che tutto sia perfettibile, per cui faremo tesoro di un anno di esperienza maturata per poter offrire a voi associati un servizio ancor pi\u00f9 professionale.<br>Questo \u00e8 anche il tempo di prendersi una breve pausa dalle fatiche del campo per ripartire ancora pi\u00f9<br>motivati in vista della prossima stagione che vi auguro ricca di soddisfazioni\u2026<br>Parola d\u2019ordine: \u201cDivertimento!\u201d<\/p>\n\n\n\n<p class=\"wp-block-paragraph\">Nino Gentile<\/p>\n\n\n\n<figure class=\"wp-block-gallery has-nested-images columns-default is-cropped wp-block-gallery-1 is-layout-flex wp-block-gallery-is-layout-flex\">\n<figure class=\"wp-block-image size-large\"><img loading=\"lazy\" decoding=\"async\" width=\"1024\" height=\"634\" data-id=\"475\" src=\"https:\/\/www.aiatorino.it\/aiatorino\/wp-content\/uploads\/2024\/06\/02-tavolo-di-presidenza-1024x634.jpg\" alt=\"\" class=\"wp-image-475\" srcset=\"https:\/\/www.aiatorino.it\/aiatorino\/wp-content\/uploads\/2024\/06\/02-tavolo-di-presidenza-1024x634.jpg 1024w, https:\/\/www.aiatorino.it\/aiatorino\/wp-content\/uploads\/2024\/06\/02-tavolo-di-presidenza-300x186.jpg 300w, https:\/\/www.aiatorino.it\/aiatorino\/wp-content\/uploads\/2024\/06\/02-tavolo-di-presidenza-768x475.jpg 768w, https:\/\/www.aiatorino.it\/aiatorino\/wp-content\/uploads\/2024\/06\/02-tavolo-di-presidenza-1536x951.jpg 1536w, https:\/\/www.aiatorino.it\/aiatorino\/wp-content\/uploads\/2024\/06\/02-tavolo-di-presidenza-2048x1268.jpg 2048w\" sizes=\"auto, (max-width: 1024px) 100vw, 1024px\" \/><\/figure>\n\n\n\n<figure class=\"wp-block-image size-large\"><img loading=\"lazy\" decoding=\"async\" width=\"1024\" height=\"557\" data-id=\"474\" src=\"https:\/\/www.aiatorino.it\/aiatorino\/wp-content\/uploads\/2024\/06\/03-gliElettiOSR-1024x557.jpg\" alt=\"\" class=\"wp-image-474\" srcset=\"https:\/\/www.aiatorino.it\/aiatorino\/wp-content\/uploads\/2024\/06\/03-gliElettiOSR-1024x557.jpg 1024w, https:\/\/www.aiatorino.it\/aiatorino\/wp-content\/uploads\/2024\/06\/03-gliElettiOSR-300x163.jpg 300w, https:\/\/www.aiatorino.it\/aiatorino\/wp-content\/uploads\/2024\/06\/03-gliElettiOSR-768x418.jpg 768w, https:\/\/www.aiatorino.it\/aiatorino\/wp-content\/uploads\/2024\/06\/03-gliElettiOSR-1536x836.jpg 1536w, https:\/\/www.aiatorino.it\/aiatorino\/wp-content\/uploads\/2024\/06\/03-gliElettiOSR.jpg 1904w\" sizes=\"auto, (max-width: 1024px) 100vw, 1024px\" \/><figcaption class=\"wp-element-caption\">Screenshot<\/figcaption><\/figure>\n\n\n\n<figure class=\"wp-block-image size-large\"><img loading=\"lazy\" decoding=\"async\" width=\"1024\" height=\"768\" data-id=\"473\" src=\"https:\/\/www.aiatorino.it\/aiatorino\/wp-content\/uploads\/2024\/06\/004-lasala2-1024x768.jpg\" alt=\"\" class=\"wp-image-473\" srcset=\"https:\/\/www.aiatorino.it\/aiatorino\/wp-content\/uploads\/2024\/06\/004-lasala2-1024x768.jpg 1024w, https:\/\/www.aiatorino.it\/aiatorino\/wp-content\/uploads\/2024\/06\/004-lasala2-300x225.jpg 300w, https:\/\/www.aiatorino.it\/aiatorino\/wp-content\/uploads\/2024\/06\/004-lasala2-768x576.jpg 768w, https:\/\/www.aiatorino.it\/aiatorino\/wp-content\/uploads\/2024\/06\/004-lasala2-1536x1152.jpg 1536w, https:\/\/www.aiatorino.it\/aiatorino\/wp-content\/uploads\/2024\/06\/004-lasala2-2048x1536.jpg 2048w\" sizes=\"auto, (max-width: 1024px) 100vw, 1024px\" \/><\/figure>\n<\/figure>\n","protected":false},"excerpt":{"rendered":"<p>Ore 19 dell\u201911 giugno.Cortile di Valdocco e sala Sangalli gremiti. L\u2019Assemblea ha raggiunto il numero legale per esserecorrettamente costituita ed avviata. Puntuale, come tutti gli eventi organizzati quest\u2019anno, ha inizio. Viene nominato il tavolo di presidenza che avr\u00e0 il compito di gestire tutte le fasi dell\u2019Assemblea Ordinaria e viene eletto come Presidente dell\u2019Assemblea Antonio Fornari. [&hellip;]<\/p>\n","protected":false},"author":1,"featured_media":477,"comment_status":"closed","ping_status":"open","sticky":false,"template":"","format":"standard","meta":{"pagelayer_contact_templates":[],"_pagelayer_content":"","footnotes":""},"categories":[3],"tags":[],"class_list":["post-472","post","type-post","status-publish","format-standard","has-post-thumbnail","hentry","category-riunioni-tecniche"],"yoast_head":"<!-- This site is optimized with the Yoast SEO plugin v28.4 - https:\/\/yoast.com\/product\/yoast-seo-wordpress\/ -->\n<title>Assemblea sezionale di fine anno \u2013 11 giugno 2024 - AIA Torino<\/title>\n<meta name=\"robots\" content=\"index, follow, max-snippet:-1, max-image-preview:large, max-video-preview:-1\" \/>\n<link rel=\"canonical\" href=\"https:\/\/www.aiatorino.it\/aiatorino\/home\/2024\/06\/16\/assemblea-sezionale-di-fine-anno-11-giugno-2024\/\" \/>\n<meta property=\"og:locale\" content=\"it_IT\" \/>\n<meta property=\"og:type\" content=\"article\" \/>\n<meta property=\"og:title\" content=\"Assemblea sezionale di fine anno \u2013 11 giugno 2024 - AIA Torino\" \/>\n<meta property=\"og:description\" content=\"Ore 19 dell\u201911 giugno.Cortile di Valdocco e sala Sangalli gremiti. L\u2019Assemblea ha raggiunto il numero legale per esserecorrettamente costituita ed avviata. Puntuale, come tutti gli eventi organizzati quest\u2019anno, ha inizio. Viene nominato il tavolo di presidenza che avr\u00e0 il compito di gestire tutte le fasi dell\u2019Assemblea Ordinaria e viene eletto come Presidente dell\u2019Assemblea Antonio Fornari. [&hellip;]\" \/>\n<meta property=\"og:url\" content=\"https:\/\/www.aiatorino.it\/aiatorino\/home\/2024\/06\/16\/assemblea-sezionale-di-fine-anno-11-giugno-2024\/\" \/>\n<meta property=\"og:site_name\" content=\"AIA Torino\" \/>\n<meta property=\"article:publisher\" content=\"https:\/\/www.facebook.com\/aiatorino\" \/>\n<meta property=\"article:published_time\" content=\"2024-06-16T16:38:00+00:00\" \/>\n<meta property=\"article:modified_time\" content=\"2024-06-19T17:21:35+00:00\" \/>\n<meta property=\"og:image\" content=\"https:\/\/www.aiatorino.it\/aiatorino\/wp-content\/uploads\/2024\/06\/00-fotoHeaderArticoloAssemblea11062024-00-1024x645.png\" \/>\n\t<meta property=\"og:image:width\" content=\"1024\" \/>\n\t<meta property=\"og:image:height\" content=\"645\" \/>\n\t<meta property=\"og:image:type\" content=\"image\/png\" \/>\n<meta name=\"author\" content=\"valentino_admin\" \/>\n<meta name=\"twitter:card\" content=\"summary_large_image\" \/>\n<meta name=\"twitter:label1\" content=\"Scritto da\" \/>\n\t<meta name=\"twitter:data1\" content=\"valentino_admin\" \/>\n\t<meta name=\"twitter:label2\" content=\"Tempo di lettura stimato\" \/>\n\t<meta name=\"twitter:data2\" content=\"4 minuti\" \/>\n<script type=\"application\/ld+json\" class=\"yoast-schema-graph\">{\"@context\":\"https:\\\/\\\/schema.org\",\"@graph\":[{\"@type\":\"Article\",\"@id\":\"https:\\\/\\\/www.aiatorino.it\\\/aiatorino\\\/home\\\/2024\\\/06\\\/16\\\/assemblea-sezionale-di-fine-anno-11-giugno-2024\\\/#article\",\"isPartOf\":{\"@id\":\"https:\\\/\\\/www.aiatorino.it\\\/aiatorino\\\/home\\\/2024\\\/06\\\/16\\\/assemblea-sezionale-di-fine-anno-11-giugno-2024\\\/\"},\"author\":{\"name\":\"valentino_admin\",\"@id\":\"https:\\\/\\\/www.aiatorino.it\\\/aiatorino\\\/home\\\/#\\\/schema\\\/person\\\/78e8a184892adb23eda77a2eba16af78\"},\"headline\":\"Assemblea sezionale di fine anno \u2013 11 giugno 2024\",\"datePublished\":\"2024-06-16T16:38:00+00:00\",\"dateModified\":\"2024-06-19T17:21:35+00:00\",\"mainEntityOfPage\":{\"@id\":\"https:\\\/\\\/www.aiatorino.it\\\/aiatorino\\\/home\\\/2024\\\/06\\\/16\\\/assemblea-sezionale-di-fine-anno-11-giugno-2024\\\/\"},\"wordCount\":891,\"publisher\":{\"@id\":\"https:\\\/\\\/www.aiatorino.it\\\/aiatorino\\\/home\\\/#organization\"},\"image\":{\"@id\":\"https:\\\/\\\/www.aiatorino.it\\\/aiatorino\\\/home\\\/2024\\\/06\\\/16\\\/assemblea-sezionale-di-fine-anno-11-giugno-2024\\\/#primaryimage\"},\"thumbnailUrl\":\"https:\\\/\\\/www.aiatorino.it\\\/aiatorino\\\/wp-content\\\/uploads\\\/2024\\\/06\\\/00-fotoHeaderArticoloAssemblea11062024-00.png\",\"articleSection\":[\"Riunioni tecniche\"],\"inLanguage\":\"it-IT\"},{\"@type\":\"WebPage\",\"@id\":\"https:\\\/\\\/www.aiatorino.it\\\/aiatorino\\\/home\\\/2024\\\/06\\\/16\\\/assemblea-sezionale-di-fine-anno-11-giugno-2024\\\/\",\"url\":\"https:\\\/\\\/www.aiatorino.it\\\/aiatorino\\\/home\\\/2024\\\/06\\\/16\\\/assemblea-sezionale-di-fine-anno-11-giugno-2024\\\/\",\"name\":\"Assemblea sezionale di fine anno \u2013 11 giugno 2024 - AIA Torino\",\"isPartOf\":{\"@id\":\"https:\\\/\\\/www.aiatorino.it\\\/aiatorino\\\/home\\\/#website\"},\"primaryImageOfPage\":{\"@id\":\"https:\\\/\\\/www.aiatorino.it\\\/aiatorino\\\/home\\\/2024\\\/06\\\/16\\\/assemblea-sezionale-di-fine-anno-11-giugno-2024\\\/#primaryimage\"},\"image\":{\"@id\":\"https:\\\/\\\/www.aiatorino.it\\\/aiatorino\\\/home\\\/2024\\\/06\\\/16\\\/assemblea-sezionale-di-fine-anno-11-giugno-2024\\\/#primaryimage\"},\"thumbnailUrl\":\"https:\\\/\\\/www.aiatorino.it\\\/aiatorino\\\/wp-content\\\/uploads\\\/2024\\\/06\\\/00-fotoHeaderArticoloAssemblea11062024-00.png\",\"datePublished\":\"2024-06-16T16:38:00+00:00\",\"dateModified\":\"2024-06-19T17:21:35+00:00\",\"breadcrumb\":{\"@id\":\"https:\\\/\\\/www.aiatorino.it\\\/aiatorino\\\/home\\\/2024\\\/06\\\/16\\\/assemblea-sezionale-di-fine-anno-11-giugno-2024\\\/#breadcrumb\"},\"inLanguage\":\"it-IT\",\"potentialAction\":[{\"@type\":\"ReadAction\",\"target\":[\"https:\\\/\\\/www.aiatorino.it\\\/aiatorino\\\/home\\\/2024\\\/06\\\/16\\\/assemblea-sezionale-di-fine-anno-11-giugno-2024\\\/\"]}]},{\"@type\":\"ImageObject\",\"inLanguage\":\"it-IT\",\"@id\":\"https:\\\/\\\/www.aiatorino.it\\\/aiatorino\\\/home\\\/2024\\\/06\\\/16\\\/assemblea-sezionale-di-fine-anno-11-giugno-2024\\\/#primaryimage\",\"url\":\"https:\\\/\\\/www.aiatorino.it\\\/aiatorino\\\/wp-content\\\/uploads\\\/2024\\\/06\\\/00-fotoHeaderArticoloAssemblea11062024-00.png\",\"contentUrl\":\"https:\\\/\\\/www.aiatorino.it\\\/aiatorino\\\/wp-content\\\/uploads\\\/2024\\\/06\\\/00-fotoHeaderArticoloAssemblea11062024-00.png\",\"width\":2272,\"height\":1432},{\"@type\":\"BreadcrumbList\",\"@id\":\"https:\\\/\\\/www.aiatorino.it\\\/aiatorino\\\/home\\\/2024\\\/06\\\/16\\\/assemblea-sezionale-di-fine-anno-11-giugno-2024\\\/#breadcrumb\",\"itemListElement\":[{\"@type\":\"ListItem\",\"position\":1,\"name\":\"Home\",\"item\":\"https:\\\/\\\/www.aiatorino.it\\\/aiatorino\\\/home\\\/\"},{\"@type\":\"ListItem\",\"position\":2,\"name\":\"Assemblea sezionale di fine anno \u2013 11 giugno 2024\"}]},{\"@type\":\"WebSite\",\"@id\":\"https:\\\/\\\/www.aiatorino.it\\\/aiatorino\\\/home\\\/#website\",\"url\":\"https:\\\/\\\/www.aiatorino.it\\\/aiatorino\\\/home\\\/\",\"name\":\"AIA Torino\",\"description\":\"Sezione Luca Colosimo\",\"publisher\":{\"@id\":\"https:\\\/\\\/www.aiatorino.it\\\/aiatorino\\\/home\\\/#organization\"},\"potentialAction\":[{\"@type\":\"SearchAction\",\"target\":{\"@type\":\"EntryPoint\",\"urlTemplate\":\"https:\\\/\\\/www.aiatorino.it\\\/aiatorino\\\/home\\\/?s={search_term_string}\"},\"query-input\":{\"@type\":\"PropertyValueSpecification\",\"valueRequired\":true,\"valueName\":\"search_term_string\"}}],\"inLanguage\":\"it-IT\"},{\"@type\":\"Organization\",\"@id\":\"https:\\\/\\\/www.aiatorino.it\\\/aiatorino\\\/home\\\/#organization\",\"name\":\"AIA Torino\",\"url\":\"https:\\\/\\\/www.aiatorino.it\\\/aiatorino\\\/home\\\/\",\"logo\":{\"@type\":\"ImageObject\",\"inLanguage\":\"it-IT\",\"@id\":\"https:\\\/\\\/www.aiatorino.it\\\/aiatorino\\\/home\\\/#\\\/schema\\\/logo\\\/image\\\/\",\"url\":\"https:\\\/\\\/www.aiatorino.it\\\/aiatorino\\\/wp-content\\\/uploads\\\/2025\\\/09\\\/logo-web.png\",\"contentUrl\":\"https:\\\/\\\/www.aiatorino.it\\\/aiatorino\\\/wp-content\\\/uploads\\\/2025\\\/09\\\/logo-web.png\",\"width\":512,\"height\":512,\"caption\":\"AIA Torino\"},\"image\":{\"@id\":\"https:\\\/\\\/www.aiatorino.it\\\/aiatorino\\\/home\\\/#\\\/schema\\\/logo\\\/image\\\/\"},\"sameAs\":[\"https:\\\/\\\/www.facebook.com\\\/aiatorino\",\"https:\\\/\\\/www.instagram.com\\\/aiatorino\\\/\"]},{\"@type\":\"Person\",\"@id\":\"https:\\\/\\\/www.aiatorino.it\\\/aiatorino\\\/home\\\/#\\\/schema\\\/person\\\/78e8a184892adb23eda77a2eba16af78\",\"name\":\"valentino_admin\",\"image\":{\"@type\":\"ImageObject\",\"inLanguage\":\"it-IT\",\"@id\":\"https:\\\/\\\/secure.gravatar.com\\\/avatar\\\/bbde1578ddadaabc76043c40016bfd58174aede21c2a83b62faca609659f9a48?s=96&d=mm&r=g\",\"url\":\"https:\\\/\\\/secure.gravatar.com\\\/avatar\\\/bbde1578ddadaabc76043c40016bfd58174aede21c2a83b62faca609659f9a48?s=96&d=mm&r=g\",\"contentUrl\":\"https:\\\/\\\/secure.gravatar.com\\\/avatar\\\/bbde1578ddadaabc76043c40016bfd58174aede21c2a83b62faca609659f9a48?s=96&d=mm&r=g\",\"caption\":\"valentino_admin\"},\"sameAs\":[\"https:\\\/\\\/www.aiatorino.it\\\/aiatorino\"],\"url\":\"https:\\\/\\\/www.aiatorino.it\\\/aiatorino\\\/home\\\/author\\\/valentino_admin\\\/\"}]}<\/script>\n<!-- \/ Yoast SEO plugin. -->","yoast_head_json":{"title":"Assemblea sezionale di fine anno \u2013 11 giugno 2024 - AIA Torino","robots":{"index":"index","follow":"follow","max-snippet":"max-snippet:-1","max-image-preview":"max-image-preview:large","max-video-preview":"max-video-preview:-1"},"canonical":"https:\/\/www.aiatorino.it\/aiatorino\/home\/2024\/06\/16\/assemblea-sezionale-di-fine-anno-11-giugno-2024\/","og_locale":"it_IT","og_type":"article","og_title":"Assemblea sezionale di fine anno \u2013 11 giugno 2024 - AIA Torino","og_description":"Ore 19 dell\u201911 giugno.Cortile di Valdocco e sala Sangalli gremiti. L\u2019Assemblea ha raggiunto il numero legale per esserecorrettamente costituita ed avviata. Puntuale, come tutti gli eventi organizzati quest\u2019anno, ha inizio. Viene nominato il tavolo di presidenza che avr\u00e0 il compito di gestire tutte le fasi dell\u2019Assemblea Ordinaria e viene eletto come Presidente dell\u2019Assemblea Antonio Fornari. [&hellip;]","og_url":"https:\/\/www.aiatorino.it\/aiatorino\/home\/2024\/06\/16\/assemblea-sezionale-di-fine-anno-11-giugno-2024\/","og_site_name":"AIA Torino","article_publisher":"https:\/\/www.facebook.com\/aiatorino","article_published_time":"2024-06-16T16:38:00+00:00","article_modified_time":"2024-06-19T17:21:35+00:00","og_image":[{"width":1024,"height":645,"url":"https:\/\/www.aiatorino.it\/aiatorino\/wp-content\/uploads\/2024\/06\/00-fotoHeaderArticoloAssemblea11062024-00-1024x645.png","type":"image\/png"}],"author":"valentino_admin","twitter_card":"summary_large_image","twitter_misc":{"Scritto da":"valentino_admin","Tempo di lettura stimato":"4 minuti"},"schema":{"@context":"https:\/\/schema.org","@graph":[{"@type":"Article","@id":"https:\/\/www.aiatorino.it\/aiatorino\/home\/2024\/06\/16\/assemblea-sezionale-di-fine-anno-11-giugno-2024\/#article","isPartOf":{"@id":"https:\/\/www.aiatorino.it\/aiatorino\/home\/2024\/06\/16\/assemblea-sezionale-di-fine-anno-11-giugno-2024\/"},"author":{"name":"valentino_admin","@id":"https:\/\/www.aiatorino.it\/aiatorino\/home\/#\/schema\/person\/78e8a184892adb23eda77a2eba16af78"},"headline":"Assemblea sezionale di fine anno \u2013 11 giugno 2024","datePublished":"2024-06-16T16:38:00+00:00","dateModified":"2024-06-19T17:21:35+00:00","mainEntityOfPage":{"@id":"https:\/\/www.aiatorino.it\/aiatorino\/home\/2024\/06\/16\/assemblea-sezionale-di-fine-anno-11-giugno-2024\/"},"wordCount":891,"publisher":{"@id":"https:\/\/www.aiatorino.it\/aiatorino\/home\/#organization"},"image":{"@id":"https:\/\/www.aiatorino.it\/aiatorino\/home\/2024\/06\/16\/assemblea-sezionale-di-fine-anno-11-giugno-2024\/#primaryimage"},"thumbnailUrl":"https:\/\/www.aiatorino.it\/aiatorino\/wp-content\/uploads\/2024\/06\/00-fotoHeaderArticoloAssemblea11062024-00.png","articleSection":["Riunioni tecniche"],"inLanguage":"it-IT"},{"@type":"WebPage","@id":"https:\/\/www.aiatorino.it\/aiatorino\/home\/2024\/06\/16\/assemblea-sezionale-di-fine-anno-11-giugno-2024\/","url":"https:\/\/www.aiatorino.it\/aiatorino\/home\/2024\/06\/16\/assemblea-sezionale-di-fine-anno-11-giugno-2024\/","name":"Assemblea sezionale di fine anno \u2013 11 giugno 2024 - AIA Torino","isPartOf":{"@id":"https:\/\/www.aiatorino.it\/aiatorino\/home\/#website"},"primaryImageOfPage":{"@id":"https:\/\/www.aiatorino.it\/aiatorino\/home\/2024\/06\/16\/assemblea-sezionale-di-fine-anno-11-giugno-2024\/#primaryimage"},"image":{"@id":"https:\/\/www.aiatorino.it\/aiatorino\/home\/2024\/06\/16\/assemblea-sezionale-di-fine-anno-11-giugno-2024\/#primaryimage"},"thumbnailUrl":"https:\/\/www.aiatorino.it\/aiatorino\/wp-content\/uploads\/2024\/06\/00-fotoHeaderArticoloAssemblea11062024-00.png","datePublished":"2024-06-16T16:38:00+00:00","dateModified":"2024-06-19T17:21:35+00:00","breadcrumb":{"@id":"https:\/\/www.aiatorino.it\/aiatorino\/home\/2024\/06\/16\/assemblea-sezionale-di-fine-anno-11-giugno-2024\/#breadcrumb"},"inLanguage":"it-IT","potentialAction":[{"@type":"ReadAction","target":["https:\/\/www.aiatorino.it\/aiatorino\/home\/2024\/06\/16\/assemblea-sezionale-di-fine-anno-11-giugno-2024\/"]}]},{"@type":"ImageObject","inLanguage":"it-IT","@id":"https:\/\/www.aiatorino.it\/aiatorino\/home\/2024\/06\/16\/assemblea-sezionale-di-fine-anno-11-giugno-2024\/#primaryimage","url":"https:\/\/www.aiatorino.it\/aiatorino\/wp-content\/uploads\/2024\/06\/00-fotoHeaderArticoloAssemblea11062024-00.png","contentUrl":"https:\/\/www.aiatorino.it\/aiatorino\/wp-content\/uploads\/2024\/06\/00-fotoHeaderArticoloAssemblea11062024-00.png","width":2272,"height":1432},{"@type":"BreadcrumbList","@id":"https:\/\/www.aiatorino.it\/aiatorino\/home\/2024\/06\/16\/assemblea-sezionale-di-fine-anno-11-giugno-2024\/#breadcrumb","itemListElement":[{"@type":"ListItem","position":1,"name":"Home","item":"https:\/\/www.aiatorino.it\/aiatorino\/home\/"},{"@type":"ListItem","position":2,"name":"Assemblea sezionale di fine anno \u2013 11 giugno 2024"}]},{"@type":"WebSite","@id":"https:\/\/www.aiatorino.it\/aiatorino\/home\/#website","url":"https:\/\/www.aiatorino.it\/aiatorino\/home\/","name":"AIA Torino","description":"Sezione Luca Colosimo","publisher":{"@id":"https:\/\/www.aiatorino.it\/aiatorino\/home\/#organization"},"potentialAction":[{"@type":"SearchAction","target":{"@type":"EntryPoint","urlTemplate":"https:\/\/www.aiatorino.it\/aiatorino\/home\/?s={search_term_string}"},"query-input":{"@type":"PropertyValueSpecification","valueRequired":true,"valueName":"search_term_string"}}],"inLanguage":"it-IT"},{"@type":"Organization","@id":"https:\/\/www.aiatorino.it\/aiatorino\/home\/#organization","name":"AIA Torino","url":"https:\/\/www.aiatorino.it\/aiatorino\/home\/","logo":{"@type":"ImageObject","inLanguage":"it-IT","@id":"https:\/\/www.aiatorino.it\/aiatorino\/home\/#\/schema\/logo\/image\/","url":"https:\/\/www.aiatorino.it\/aiatorino\/wp-content\/uploads\/2025\/09\/logo-web.png","contentUrl":"https:\/\/www.aiatorino.it\/aiatorino\/wp-content\/uploads\/2025\/09\/logo-web.png","width":512,"height":512,"caption":"AIA Torino"},"image":{"@id":"https:\/\/www.aiatorino.it\/aiatorino\/home\/#\/schema\/logo\/image\/"},"sameAs":["https:\/\/www.facebook.com\/aiatorino","https:\/\/www.instagram.com\/aiatorino\/"]},{"@type":"Person","@id":"https:\/\/www.aiatorino.it\/aiatorino\/home\/#\/schema\/person\/78e8a184892adb23eda77a2eba16af78","name":"valentino_admin","image":{"@type":"ImageObject","inLanguage":"it-IT","@id":"https:\/\/secure.gravatar.com\/avatar\/bbde1578ddadaabc76043c40016bfd58174aede21c2a83b62faca609659f9a48?s=96&d=mm&r=g","url":"https:\/\/secure.gravatar.com\/avatar\/bbde1578ddadaabc76043c40016bfd58174aede21c2a83b62faca609659f9a48?s=96&d=mm&r=g","contentUrl":"https:\/\/secure.gravatar.com\/avatar\/bbde1578ddadaabc76043c40016bfd58174aede21c2a83b62faca609659f9a48?s=96&d=mm&r=g","caption":"valentino_admin"},"sameAs":["https:\/\/www.aiatorino.it\/aiatorino"],"url":"https:\/\/www.aiatorino.it\/aiatorino\/home\/author\/valentino_admin\/"}]}},"_links":{"self":[{"href":"https:\/\/www.aiatorino.it\/aiatorino\/home\/wp-json\/wp\/v2\/posts\/472","targetHints":{"allow":["GET"]}}],"collection":[{"href":"https:\/\/www.aiatorino.it\/aiatorino\/home\/wp-json\/wp\/v2\/posts"}],"about":[{"href":"https:\/\/www.aiatorino.it\/aiatorino\/home\/wp-json\/wp\/v2\/types\/post"}],"author":[{"embeddable":true,"href":"https:\/\/www.aiatorino.it\/aiatorino\/home\/wp-json\/wp\/v2\/users\/1"}],"replies":[{"embeddable":true,"href":"https:\/\/www.aiatorino.it\/aiatorino\/home\/wp-json\/wp\/v2\/comments?post=472"}],"version-history":[{"count":3,"href":"https:\/\/www.aiatorino.it\/aiatorino\/home\/wp-json\/wp\/v2\/posts\/472\/revisions"}],"predecessor-version":[{"id":480,"href":"https:\/\/www.aiatorino.it\/aiatorino\/home\/wp-json\/wp\/v2\/posts\/472\/revisions\/480"}],"wp:featuredmedia":[{"embeddable":true,"href":"https:\/\/www.aiatorino.it\/aiatorino\/home\/wp-json\/wp\/v2\/media\/477"}],"wp:attachment":[{"href":"https:\/\/www.aiatorino.it\/aiatorino\/home\/wp-json\/wp\/v2\/media?parent=472"}],"wp:term":[{"taxonomy":"category","embeddable":true,"href":"https:\/\/www.aiatorino.it\/aiatorino\/home\/wp-json\/wp\/v2\/categories?post=472"},{"taxonomy":"post_tag","embeddable":true,"href":"https:\/\/www.aiatorino.it\/aiatorino\/home\/wp-json\/wp\/v2\/tags?post=472"}],"curies":[{"name":"wp","href":"https:\/\/api.w.org\/{rel}","templated":true}]}}