{"id":52,"date":"2023-08-28T17:09:04","date_gmt":"2023-08-28T17:09:04","guid":{"rendered":"https:\/\/www.aiatorino.it\/aiatorino\/?p=52"},"modified":"2023-12-11T17:11:12","modified_gmt":"2023-12-11T17:11:12","slug":"in-ferie-lavorando-per-laiae-tutto-un-continuo","status":"publish","type":"post","link":"https:\/\/www.aiatorino.it\/aiatorino\/home\/2023\/08\/28\/in-ferie-lavorando-per-laiae-tutto-un-continuo\/","title":{"rendered":"In ferie lavorando per l&#8217;AIA\u2026\u00e8 tutto un continuo"},"content":{"rendered":"\n<p class=\"wp-block-paragraph\">Il 17 agosto la <strong>Sezione Luca Colosimo<\/strong> ha riaperto i battenti (di fatto non ha mai chiuso vista la necessit\u00e0 tra le altre di consegnare le nuove divise col nuovo sponsor tecnico!), all\u2019alba di una stagione che \u00e8 praticamente ripartita con i raduni delle categorie nazionali che vedono coinvolti diversi dei nostri associati.<\/p>\n\n\n\n<p class=\"wp-block-paragraph\">Nel frattempo, praticamente subito dopo il Premio Luca Colosimo,<strong> \u00e8 partita l\u2019organizzazione del raduno precampionato<\/strong>, l\u2019evento sezionale pi\u00f9 importante di inizio anno, che vedr\u00e0 una novit\u00e0 perch\u00e9 saremo insieme ai Colleghi della Sezione di Collegno a condividere l\u2019intera giornata con un fitto programma tecnico che ruota attorno alla Circolare n\u00b01, i test ateltici e le riunioni sezionali.<\/p>\n\n\n\n<p class=\"wp-block-paragraph\">Perch\u00e9 anche le Sezioni hanno il loro raduno precampionato, ovviamente!<\/p>\n\n\n\n<p class=\"wp-block-paragraph\">E tutto questo avverr\u00e0 il <strong>9 settembre alle 8 e 15 nel complesso di Valdocco<\/strong>, la cittadella dei Salesiani dove ha avuto origine l\u2019opera di Don Bosco per i giovani, che oggi comprende una scuola media, un centro di formazione professionale di arti e mestieri, due teatri tutto intorno alla Basilica di Maria Ausiliatrice e che oggi \u00e8 meta di pellegrinaggio da tutte le parti del mondo. Con i dovuti rispetti per il Santo dei giovani, anche noi ci occupiamo principalmente di formare ragazze e ragazzi curando la loro crescita tecnica e atletica per svolgere il delicato ruolo di arbitro nel gioco del calcio. Arbitro che viene quindi formato per prendere una decisione: la pi\u00f9 giusta possibile nel minor tempo possibile. Una formazione che potr\u00e0 servirgli anche nella vita di tutti i giorni.<\/p>\n\n\n\n<p class=\"wp-block-paragraph\">In Sala Sangalli si svolgeranno le riunioni tecniche e i test, con la presenza dell\u2019OTS e sul campo in sintentico, con relativi spogliatoi sempre all\u2019interno della cittadella, i test atletici per gli Arbitri Effettivi. La condivisione riguarder\u00e0 anche il pranzo a buffet nel ristorante interno al complesso stesso di Valdocco.<\/p>\n\n\n\n<p class=\"wp-block-paragraph\"><strong>La preparazione precampionato sezionale proseguir\u00e0 luned\u00ec 11 settembre nei locali sezionali di via Brofferio e questa volta toccher\u00e0 agli Osservatori alla presenza degli Arbitri Benemeriti e sempre sotto l\u2019attenta gestione dell\u2019OTS<\/strong>. Il programma sar\u00e0 molto simile (fatta eccezione dei test atletici!) e comprender\u00e0 gli indirizzi tecnici e i consigli per seguire e visionare gli AE nella parte iniziale della loro carriera.<\/p>\n\n\n\n<p class=\"wp-block-paragraph\">Il tutto sar\u00e0 preceduto dalla <strong>prima convocazione del Consiglio Direttivo Sezionale di luned\u00ec 4 settembre alle 20,00<\/strong> presieduto dall\u2019Arbitro Benemerito Aurelio Giorgianni, eletto Presidente nell\u2019ultimo assemblea dello scorso giugno. La presentazione del Nuovo CDS \u00e8 disponibile sulle pagine social: clicca <a href=\"https:\/\/www.facebook.com\/aiatorino\/posts\/764312479030313\">QUI<\/a><\/p>\n\n\n\n<p class=\"wp-block-paragraph\">Inizia quindi una nuova stagione nella quale ci sono stati diversi passaggi di categoria.<\/p>\n\n\n\n<p class=\"wp-block-paragraph\">I pi\u00f9 importanti per la Sezione Luca Colosimo sono quelli che mettono a disposizione del CRA arbitri che hanno fatto esperienza sui campi da gioco dei campionati giovanili provinciali e regionali e sono pronti a ben figurare nelle categorie superiori in cui saranno designati dall\u2019organo tecnico regionale.<\/p>\n\n\n\n<p class=\"wp-block-paragraph\">Un elenco importante in cui figurano ragazze e ragazzi anche molto giovani \u2026 di belle speranze!<\/p>\n\n\n\n<p class=\"wp-block-paragraph\">Per loro il passaggio al CRA dovr\u00e0 essere uno stimolo per allenarsi e prepararsi tecnicamente sempre al massimo. Per gli arbitri che sono rimasti al livello sezionale nulla \u00e8 precluso e potranno mettercela tutta quest\u2019anno, a partire dai test del raduno precampionato del 9 settembre.<\/p>\n\n\n\n<p class=\"wp-block-paragraph\">La nuova stagione calcistica vede la modifica significativa di alcune regole, come pubblicato nella circolare n\u00b0 1\/2023-24 di luglio, che saranno trattate nel raduno precampionato e vede estesa ai 19 anni la possibilit\u00e0 di svolgere il doppio ruolo di arbitro e di calciatore.<\/p>\n\n\n\n<p class=\"wp-block-paragraph\"><strong>Ci auguriamo anche quest\u2019anno di avere delle belle soddisfazioni in termini formativi e anche di passaggi di categoria dei nostri Associati, cos\u00ec come avvenuto al termine della scorsa stagione.<\/strong> Essi saranno punti di riferimento per i giovani neo associati soprattutto per la loro presenza in Sezione in modo informale nei giorni di apertura, e in particolare il luned\u00ec, e nelle riunioni tecniche e associative. Un modo per fare squadra e vivere un clima di famiglia, nel quale ci si aiuta a vicenda. Incontrarsi dopo una prestazione quale che sia stato il suo esito e condividerla, festeggiare un momento felice come una promozione o un compleanno, confidarsi con chi pu\u00f2 sostenerti in un momento in cui magari le cose non vanno bene, perch\u00e9 prima sar\u00e0 sicuramente toccato a lui: ecco questa \u00e8 la vita di Sezione ed il clima che vogliamo condividere. E mi raccomando occhio ai social e al questo nuovo sito per le novit\u00e0 e le informazioni che saranno sempre a portata di mano e che saranno ancor di pi\u00f9 <strong>\u201cTutto un continuo\u201d<\/strong>!<\/p>\n\n\n\n<p class=\"has-small-font-size wp-block-paragraph\"><em>Nino Gentile<\/em><\/p>\n\n\n\n<p class=\"wp-block-paragraph\"><\/p>\n","protected":false},"excerpt":{"rendered":"<p>Il 17 agosto la Sezione Luca Colosimo ha riaperto i battenti (di fatto non ha mai chiuso vista la necessit\u00e0 tra le altre di consegnare le nuove divise col nuovo sponsor tecnico!), all\u2019alba di una stagione che \u00e8 praticamente ripartita con i raduni delle categorie nazionali che vedono coinvolti diversi dei nostri associati. Nel frattempo, [&hellip;]<\/p>\n","protected":false},"author":1,"featured_media":22,"comment_status":"open","ping_status":"open","sticky":false,"template":"","format":"standard","meta":{"pagelayer_contact_templates":[],"_pagelayer_content":"","footnotes":""},"categories":[4],"tags":[],"class_list":["post-52","post","type-post","status-publish","format-standard","has-post-thumbnail","hentry","category-in-sezione"],"yoast_head":"<!-- This site is optimized with the Yoast SEO plugin v28.4 - https:\/\/yoast.com\/product\/yoast-seo-wordpress\/ -->\n<title>In ferie lavorando per l&#039;AIA\u2026\u00e8 tutto un continuo - AIA Torino<\/title>\n<meta name=\"robots\" content=\"index, follow, max-snippet:-1, max-image-preview:large, max-video-preview:-1\" \/>\n<link rel=\"canonical\" href=\"https:\/\/www.aiatorino.it\/aiatorino\/home\/2023\/08\/28\/in-ferie-lavorando-per-laiae-tutto-un-continuo\/\" \/>\n<meta property=\"og:locale\" content=\"it_IT\" \/>\n<meta property=\"og:type\" content=\"article\" \/>\n<meta property=\"og:title\" content=\"In ferie lavorando per l&#039;AIA\u2026\u00e8 tutto un continuo - AIA Torino\" \/>\n<meta property=\"og:description\" content=\"Il 17 agosto la Sezione Luca Colosimo ha riaperto i battenti (di fatto non ha mai chiuso vista la necessit\u00e0 tra le altre di consegnare le nuove divise col nuovo sponsor tecnico!), all\u2019alba di una stagione che \u00e8 praticamente ripartita con i raduni delle categorie nazionali che vedono coinvolti diversi dei nostri associati. Nel frattempo, [&hellip;]\" \/>\n<meta property=\"og:url\" content=\"https:\/\/www.aiatorino.it\/aiatorino\/home\/2023\/08\/28\/in-ferie-lavorando-per-laiae-tutto-un-continuo\/\" \/>\n<meta property=\"og:site_name\" content=\"AIA Torino\" \/>\n<meta property=\"article:publisher\" content=\"https:\/\/www.facebook.com\/aiatorino\" \/>\n<meta property=\"article:published_time\" content=\"2023-08-28T17:09:04+00:00\" \/>\n<meta property=\"article:modified_time\" content=\"2023-12-11T17:11:12+00:00\" \/>\n<meta property=\"og:image\" content=\"https:\/\/www.aiatorino.it\/aiatorino\/wp-content\/uploads\/2023\/12\/aiatorino-header.jpg\" \/>\n\t<meta property=\"og:image:width\" content=\"1400\" \/>\n\t<meta property=\"og:image:height\" content=\"577\" \/>\n\t<meta property=\"og:image:type\" content=\"image\/jpeg\" \/>\n<meta name=\"author\" content=\"valentino_admin\" \/>\n<meta name=\"twitter:card\" content=\"summary_large_image\" \/>\n<meta name=\"twitter:label1\" content=\"Scritto da\" \/>\n\t<meta name=\"twitter:data1\" content=\"valentino_admin\" \/>\n\t<meta name=\"twitter:label2\" content=\"Tempo di lettura stimato\" \/>\n\t<meta name=\"twitter:data2\" content=\"4 minuti\" \/>\n<script type=\"application\/ld+json\" class=\"yoast-schema-graph\">{\"@context\":\"https:\\\/\\\/schema.org\",\"@graph\":[{\"@type\":\"Article\",\"@id\":\"https:\\\/\\\/www.aiatorino.it\\\/aiatorino\\\/home\\\/2023\\\/08\\\/28\\\/in-ferie-lavorando-per-laiae-tutto-un-continuo\\\/#article\",\"isPartOf\":{\"@id\":\"https:\\\/\\\/www.aiatorino.it\\\/aiatorino\\\/home\\\/2023\\\/08\\\/28\\\/in-ferie-lavorando-per-laiae-tutto-un-continuo\\\/\"},\"author\":{\"name\":\"valentino_admin\",\"@id\":\"https:\\\/\\\/www.aiatorino.it\\\/aiatorino\\\/home\\\/#\\\/schema\\\/person\\\/78e8a184892adb23eda77a2eba16af78\"},\"headline\":\"In ferie lavorando per l&#8217;AIA\u2026\u00e8 tutto un continuo\",\"datePublished\":\"2023-08-28T17:09:04+00:00\",\"dateModified\":\"2023-12-11T17:11:12+00:00\",\"mainEntityOfPage\":{\"@id\":\"https:\\\/\\\/www.aiatorino.it\\\/aiatorino\\\/home\\\/2023\\\/08\\\/28\\\/in-ferie-lavorando-per-laiae-tutto-un-continuo\\\/\"},\"wordCount\":753,\"commentCount\":0,\"publisher\":{\"@id\":\"https:\\\/\\\/www.aiatorino.it\\\/aiatorino\\\/home\\\/#organization\"},\"image\":{\"@id\":\"https:\\\/\\\/www.aiatorino.it\\\/aiatorino\\\/home\\\/2023\\\/08\\\/28\\\/in-ferie-lavorando-per-laiae-tutto-un-continuo\\\/#primaryimage\"},\"thumbnailUrl\":\"https:\\\/\\\/www.aiatorino.it\\\/aiatorino\\\/wp-content\\\/uploads\\\/2023\\\/12\\\/aiatorino-header.jpg\",\"articleSection\":[\"In sezione\"],\"inLanguage\":\"it-IT\",\"potentialAction\":[{\"@type\":\"CommentAction\",\"name\":\"Comment\",\"target\":[\"https:\\\/\\\/www.aiatorino.it\\\/aiatorino\\\/home\\\/2023\\\/08\\\/28\\\/in-ferie-lavorando-per-laiae-tutto-un-continuo\\\/#respond\"]}]},{\"@type\":\"WebPage\",\"@id\":\"https:\\\/\\\/www.aiatorino.it\\\/aiatorino\\\/home\\\/2023\\\/08\\\/28\\\/in-ferie-lavorando-per-laiae-tutto-un-continuo\\\/\",\"url\":\"https:\\\/\\\/www.aiatorino.it\\\/aiatorino\\\/home\\\/2023\\\/08\\\/28\\\/in-ferie-lavorando-per-laiae-tutto-un-continuo\\\/\",\"name\":\"In ferie lavorando per l'AIA\u2026\u00e8 tutto un continuo - AIA Torino\",\"isPartOf\":{\"@id\":\"https:\\\/\\\/www.aiatorino.it\\\/aiatorino\\\/home\\\/#website\"},\"primaryImageOfPage\":{\"@id\":\"https:\\\/\\\/www.aiatorino.it\\\/aiatorino\\\/home\\\/2023\\\/08\\\/28\\\/in-ferie-lavorando-per-laiae-tutto-un-continuo\\\/#primaryimage\"},\"image\":{\"@id\":\"https:\\\/\\\/www.aiatorino.it\\\/aiatorino\\\/home\\\/2023\\\/08\\\/28\\\/in-ferie-lavorando-per-laiae-tutto-un-continuo\\\/#primaryimage\"},\"thumbnailUrl\":\"https:\\\/\\\/www.aiatorino.it\\\/aiatorino\\\/wp-content\\\/uploads\\\/2023\\\/12\\\/aiatorino-header.jpg\",\"datePublished\":\"2023-08-28T17:09:04+00:00\",\"dateModified\":\"2023-12-11T17:11:12+00:00\",\"breadcrumb\":{\"@id\":\"https:\\\/\\\/www.aiatorino.it\\\/aiatorino\\\/home\\\/2023\\\/08\\\/28\\\/in-ferie-lavorando-per-laiae-tutto-un-continuo\\\/#breadcrumb\"},\"inLanguage\":\"it-IT\",\"potentialAction\":[{\"@type\":\"ReadAction\",\"target\":[\"https:\\\/\\\/www.aiatorino.it\\\/aiatorino\\\/home\\\/2023\\\/08\\\/28\\\/in-ferie-lavorando-per-laiae-tutto-un-continuo\\\/\"]}]},{\"@type\":\"ImageObject\",\"inLanguage\":\"it-IT\",\"@id\":\"https:\\\/\\\/www.aiatorino.it\\\/aiatorino\\\/home\\\/2023\\\/08\\\/28\\\/in-ferie-lavorando-per-laiae-tutto-un-continuo\\\/#primaryimage\",\"url\":\"https:\\\/\\\/www.aiatorino.it\\\/aiatorino\\\/wp-content\\\/uploads\\\/2023\\\/12\\\/aiatorino-header.jpg\",\"contentUrl\":\"https:\\\/\\\/www.aiatorino.it\\\/aiatorino\\\/wp-content\\\/uploads\\\/2023\\\/12\\\/aiatorino-header.jpg\",\"width\":1400,\"height\":577},{\"@type\":\"BreadcrumbList\",\"@id\":\"https:\\\/\\\/www.aiatorino.it\\\/aiatorino\\\/home\\\/2023\\\/08\\\/28\\\/in-ferie-lavorando-per-laiae-tutto-un-continuo\\\/#breadcrumb\",\"itemListElement\":[{\"@type\":\"ListItem\",\"position\":1,\"name\":\"Home\",\"item\":\"https:\\\/\\\/www.aiatorino.it\\\/aiatorino\\\/home\\\/\"},{\"@type\":\"ListItem\",\"position\":2,\"name\":\"In ferie lavorando per l&#8217;AIA\u2026\u00e8 tutto un continuo\"}]},{\"@type\":\"WebSite\",\"@id\":\"https:\\\/\\\/www.aiatorino.it\\\/aiatorino\\\/home\\\/#website\",\"url\":\"https:\\\/\\\/www.aiatorino.it\\\/aiatorino\\\/home\\\/\",\"name\":\"AIA Torino\",\"description\":\"Sezione Luca Colosimo\",\"publisher\":{\"@id\":\"https:\\\/\\\/www.aiatorino.it\\\/aiatorino\\\/home\\\/#organization\"},\"potentialAction\":[{\"@type\":\"SearchAction\",\"target\":{\"@type\":\"EntryPoint\",\"urlTemplate\":\"https:\\\/\\\/www.aiatorino.it\\\/aiatorino\\\/home\\\/?s={search_term_string}\"},\"query-input\":{\"@type\":\"PropertyValueSpecification\",\"valueRequired\":true,\"valueName\":\"search_term_string\"}}],\"inLanguage\":\"it-IT\"},{\"@type\":\"Organization\",\"@id\":\"https:\\\/\\\/www.aiatorino.it\\\/aiatorino\\\/home\\\/#organization\",\"name\":\"AIA Torino\",\"url\":\"https:\\\/\\\/www.aiatorino.it\\\/aiatorino\\\/home\\\/\",\"logo\":{\"@type\":\"ImageObject\",\"inLanguage\":\"it-IT\",\"@id\":\"https:\\\/\\\/www.aiatorino.it\\\/aiatorino\\\/home\\\/#\\\/schema\\\/logo\\\/image\\\/\",\"url\":\"https:\\\/\\\/www.aiatorino.it\\\/aiatorino\\\/wp-content\\\/uploads\\\/2025\\\/09\\\/logo-web.png\",\"contentUrl\":\"https:\\\/\\\/www.aiatorino.it\\\/aiatorino\\\/wp-content\\\/uploads\\\/2025\\\/09\\\/logo-web.png\",\"width\":512,\"height\":512,\"caption\":\"AIA Torino\"},\"image\":{\"@id\":\"https:\\\/\\\/www.aiatorino.it\\\/aiatorino\\\/home\\\/#\\\/schema\\\/logo\\\/image\\\/\"},\"sameAs\":[\"https:\\\/\\\/www.facebook.com\\\/aiatorino\",\"https:\\\/\\\/www.instagram.com\\\/aiatorino\\\/\"]},{\"@type\":\"Person\",\"@id\":\"https:\\\/\\\/www.aiatorino.it\\\/aiatorino\\\/home\\\/#\\\/schema\\\/person\\\/78e8a184892adb23eda77a2eba16af78\",\"name\":\"valentino_admin\",\"image\":{\"@type\":\"ImageObject\",\"inLanguage\":\"it-IT\",\"@id\":\"https:\\\/\\\/secure.gravatar.com\\\/avatar\\\/bbde1578ddadaabc76043c40016bfd58174aede21c2a83b62faca609659f9a48?s=96&d=mm&r=g\",\"url\":\"https:\\\/\\\/secure.gravatar.com\\\/avatar\\\/bbde1578ddadaabc76043c40016bfd58174aede21c2a83b62faca609659f9a48?s=96&d=mm&r=g\",\"contentUrl\":\"https:\\\/\\\/secure.gravatar.com\\\/avatar\\\/bbde1578ddadaabc76043c40016bfd58174aede21c2a83b62faca609659f9a48?s=96&d=mm&r=g\",\"caption\":\"valentino_admin\"},\"sameAs\":[\"https:\\\/\\\/www.aiatorino.it\\\/aiatorino\"],\"url\":\"https:\\\/\\\/www.aiatorino.it\\\/aiatorino\\\/home\\\/author\\\/valentino_admin\\\/\"}]}<\/script>\n<!-- \/ Yoast SEO plugin. -->","yoast_head_json":{"title":"In ferie lavorando per l'AIA\u2026\u00e8 tutto un continuo - AIA Torino","robots":{"index":"index","follow":"follow","max-snippet":"max-snippet:-1","max-image-preview":"max-image-preview:large","max-video-preview":"max-video-preview:-1"},"canonical":"https:\/\/www.aiatorino.it\/aiatorino\/home\/2023\/08\/28\/in-ferie-lavorando-per-laiae-tutto-un-continuo\/","og_locale":"it_IT","og_type":"article","og_title":"In ferie lavorando per l'AIA\u2026\u00e8 tutto un continuo - AIA Torino","og_description":"Il 17 agosto la Sezione Luca Colosimo ha riaperto i battenti (di fatto non ha mai chiuso vista la necessit\u00e0 tra le altre di consegnare le nuove divise col nuovo sponsor tecnico!), all\u2019alba di una stagione che \u00e8 praticamente ripartita con i raduni delle categorie nazionali che vedono coinvolti diversi dei nostri associati. Nel frattempo, [&hellip;]","og_url":"https:\/\/www.aiatorino.it\/aiatorino\/home\/2023\/08\/28\/in-ferie-lavorando-per-laiae-tutto-un-continuo\/","og_site_name":"AIA Torino","article_publisher":"https:\/\/www.facebook.com\/aiatorino","article_published_time":"2023-08-28T17:09:04+00:00","article_modified_time":"2023-12-11T17:11:12+00:00","og_image":[{"width":1400,"height":577,"url":"https:\/\/www.aiatorino.it\/aiatorino\/wp-content\/uploads\/2023\/12\/aiatorino-header.jpg","type":"image\/jpeg"}],"author":"valentino_admin","twitter_card":"summary_large_image","twitter_misc":{"Scritto da":"valentino_admin","Tempo di lettura stimato":"4 minuti"},"schema":{"@context":"https:\/\/schema.org","@graph":[{"@type":"Article","@id":"https:\/\/www.aiatorino.it\/aiatorino\/home\/2023\/08\/28\/in-ferie-lavorando-per-laiae-tutto-un-continuo\/#article","isPartOf":{"@id":"https:\/\/www.aiatorino.it\/aiatorino\/home\/2023\/08\/28\/in-ferie-lavorando-per-laiae-tutto-un-continuo\/"},"author":{"name":"valentino_admin","@id":"https:\/\/www.aiatorino.it\/aiatorino\/home\/#\/schema\/person\/78e8a184892adb23eda77a2eba16af78"},"headline":"In ferie lavorando per l&#8217;AIA\u2026\u00e8 tutto un continuo","datePublished":"2023-08-28T17:09:04+00:00","dateModified":"2023-12-11T17:11:12+00:00","mainEntityOfPage":{"@id":"https:\/\/www.aiatorino.it\/aiatorino\/home\/2023\/08\/28\/in-ferie-lavorando-per-laiae-tutto-un-continuo\/"},"wordCount":753,"commentCount":0,"publisher":{"@id":"https:\/\/www.aiatorino.it\/aiatorino\/home\/#organization"},"image":{"@id":"https:\/\/www.aiatorino.it\/aiatorino\/home\/2023\/08\/28\/in-ferie-lavorando-per-laiae-tutto-un-continuo\/#primaryimage"},"thumbnailUrl":"https:\/\/www.aiatorino.it\/aiatorino\/wp-content\/uploads\/2023\/12\/aiatorino-header.jpg","articleSection":["In sezione"],"inLanguage":"it-IT","potentialAction":[{"@type":"CommentAction","name":"Comment","target":["https:\/\/www.aiatorino.it\/aiatorino\/home\/2023\/08\/28\/in-ferie-lavorando-per-laiae-tutto-un-continuo\/#respond"]}]},{"@type":"WebPage","@id":"https:\/\/www.aiatorino.it\/aiatorino\/home\/2023\/08\/28\/in-ferie-lavorando-per-laiae-tutto-un-continuo\/","url":"https:\/\/www.aiatorino.it\/aiatorino\/home\/2023\/08\/28\/in-ferie-lavorando-per-laiae-tutto-un-continuo\/","name":"In ferie lavorando per l'AIA\u2026\u00e8 tutto un continuo - AIA Torino","isPartOf":{"@id":"https:\/\/www.aiatorino.it\/aiatorino\/home\/#website"},"primaryImageOfPage":{"@id":"https:\/\/www.aiatorino.it\/aiatorino\/home\/2023\/08\/28\/in-ferie-lavorando-per-laiae-tutto-un-continuo\/#primaryimage"},"image":{"@id":"https:\/\/www.aiatorino.it\/aiatorino\/home\/2023\/08\/28\/in-ferie-lavorando-per-laiae-tutto-un-continuo\/#primaryimage"},"thumbnailUrl":"https:\/\/www.aiatorino.it\/aiatorino\/wp-content\/uploads\/2023\/12\/aiatorino-header.jpg","datePublished":"2023-08-28T17:09:04+00:00","dateModified":"2023-12-11T17:11:12+00:00","breadcrumb":{"@id":"https:\/\/www.aiatorino.it\/aiatorino\/home\/2023\/08\/28\/in-ferie-lavorando-per-laiae-tutto-un-continuo\/#breadcrumb"},"inLanguage":"it-IT","potentialAction":[{"@type":"ReadAction","target":["https:\/\/www.aiatorino.it\/aiatorino\/home\/2023\/08\/28\/in-ferie-lavorando-per-laiae-tutto-un-continuo\/"]}]},{"@type":"ImageObject","inLanguage":"it-IT","@id":"https:\/\/www.aiatorino.it\/aiatorino\/home\/2023\/08\/28\/in-ferie-lavorando-per-laiae-tutto-un-continuo\/#primaryimage","url":"https:\/\/www.aiatorino.it\/aiatorino\/wp-content\/uploads\/2023\/12\/aiatorino-header.jpg","contentUrl":"https:\/\/www.aiatorino.it\/aiatorino\/wp-content\/uploads\/2023\/12\/aiatorino-header.jpg","width":1400,"height":577},{"@type":"BreadcrumbList","@id":"https:\/\/www.aiatorino.it\/aiatorino\/home\/2023\/08\/28\/in-ferie-lavorando-per-laiae-tutto-un-continuo\/#breadcrumb","itemListElement":[{"@type":"ListItem","position":1,"name":"Home","item":"https:\/\/www.aiatorino.it\/aiatorino\/home\/"},{"@type":"ListItem","position":2,"name":"In ferie lavorando per l&#8217;AIA\u2026\u00e8 tutto un continuo"}]},{"@type":"WebSite","@id":"https:\/\/www.aiatorino.it\/aiatorino\/home\/#website","url":"https:\/\/www.aiatorino.it\/aiatorino\/home\/","name":"AIA Torino","description":"Sezione Luca Colosimo","publisher":{"@id":"https:\/\/www.aiatorino.it\/aiatorino\/home\/#organization"},"potentialAction":[{"@type":"SearchAction","target":{"@type":"EntryPoint","urlTemplate":"https:\/\/www.aiatorino.it\/aiatorino\/home\/?s={search_term_string}"},"query-input":{"@type":"PropertyValueSpecification","valueRequired":true,"valueName":"search_term_string"}}],"inLanguage":"it-IT"},{"@type":"Organization","@id":"https:\/\/www.aiatorino.it\/aiatorino\/home\/#organization","name":"AIA Torino","url":"https:\/\/www.aiatorino.it\/aiatorino\/home\/","logo":{"@type":"ImageObject","inLanguage":"it-IT","@id":"https:\/\/www.aiatorino.it\/aiatorino\/home\/#\/schema\/logo\/image\/","url":"https:\/\/www.aiatorino.it\/aiatorino\/wp-content\/uploads\/2025\/09\/logo-web.png","contentUrl":"https:\/\/www.aiatorino.it\/aiatorino\/wp-content\/uploads\/2025\/09\/logo-web.png","width":512,"height":512,"caption":"AIA Torino"},"image":{"@id":"https:\/\/www.aiatorino.it\/aiatorino\/home\/#\/schema\/logo\/image\/"},"sameAs":["https:\/\/www.facebook.com\/aiatorino","https:\/\/www.instagram.com\/aiatorino\/"]},{"@type":"Person","@id":"https:\/\/www.aiatorino.it\/aiatorino\/home\/#\/schema\/person\/78e8a184892adb23eda77a2eba16af78","name":"valentino_admin","image":{"@type":"ImageObject","inLanguage":"it-IT","@id":"https:\/\/secure.gravatar.com\/avatar\/bbde1578ddadaabc76043c40016bfd58174aede21c2a83b62faca609659f9a48?s=96&d=mm&r=g","url":"https:\/\/secure.gravatar.com\/avatar\/bbde1578ddadaabc76043c40016bfd58174aede21c2a83b62faca609659f9a48?s=96&d=mm&r=g","contentUrl":"https:\/\/secure.gravatar.com\/avatar\/bbde1578ddadaabc76043c40016bfd58174aede21c2a83b62faca609659f9a48?s=96&d=mm&r=g","caption":"valentino_admin"},"sameAs":["https:\/\/www.aiatorino.it\/aiatorino"],"url":"https:\/\/www.aiatorino.it\/aiatorino\/home\/author\/valentino_admin\/"}]}},"_links":{"self":[{"href":"https:\/\/www.aiatorino.it\/aiatorino\/home\/wp-json\/wp\/v2\/posts\/52","targetHints":{"allow":["GET"]}}],"collection":[{"href":"https:\/\/www.aiatorino.it\/aiatorino\/home\/wp-json\/wp\/v2\/posts"}],"about":[{"href":"https:\/\/www.aiatorino.it\/aiatorino\/home\/wp-json\/wp\/v2\/types\/post"}],"author":[{"embeddable":true,"href":"https:\/\/www.aiatorino.it\/aiatorino\/home\/wp-json\/wp\/v2\/users\/1"}],"replies":[{"embeddable":true,"href":"https:\/\/www.aiatorino.it\/aiatorino\/home\/wp-json\/wp\/v2\/comments?post=52"}],"version-history":[{"count":1,"href":"https:\/\/www.aiatorino.it\/aiatorino\/home\/wp-json\/wp\/v2\/posts\/52\/revisions"}],"predecessor-version":[{"id":53,"href":"https:\/\/www.aiatorino.it\/aiatorino\/home\/wp-json\/wp\/v2\/posts\/52\/revisions\/53"}],"wp:featuredmedia":[{"embeddable":true,"href":"https:\/\/www.aiatorino.it\/aiatorino\/home\/wp-json\/wp\/v2\/media\/22"}],"wp:attachment":[{"href":"https:\/\/www.aiatorino.it\/aiatorino\/home\/wp-json\/wp\/v2\/media?parent=52"}],"wp:term":[{"taxonomy":"category","embeddable":true,"href":"https:\/\/www.aiatorino.it\/aiatorino\/home\/wp-json\/wp\/v2\/categories?post=52"},{"taxonomy":"post_tag","embeddable":true,"href":"https:\/\/www.aiatorino.it\/aiatorino\/home\/wp-json\/wp\/v2\/tags?post=52"}],"curies":[{"name":"wp","href":"https:\/\/api.w.org\/{rel}","templated":true}]}}