{"id":633,"date":"2024-10-06T06:17:51","date_gmt":"2024-10-06T06:17:51","guid":{"rendered":"https:\/\/www.aiatorino.it\/aiatorino\/?p=633"},"modified":"2024-10-11T05:51:30","modified_gmt":"2024-10-11T05:51:30","slug":"piazza-luca-colosimo","status":"publish","type":"post","link":"https:\/\/www.aiatorino.it\/aiatorino\/home\/2024\/10\/06\/piazza-luca-colosimo\/","title":{"rendered":"Piazza LUCA COLOSIMO"},"content":{"rendered":"\n<p class=\"wp-block-paragraph\">Piazza Luca Colosimo, a Villaretto quartiere di Torino, il 3 ottobre dell&#8217;anno 2024.<\/p>\n\n\n\n<p class=\"wp-block-paragraph\">Dal 3 ottobre 2024, <strong>Luca<\/strong> sar\u00e0 ricordato da tutti i<strong> Cittadini di Torino al Villaretto<\/strong>.<\/p>\n\n\n\n<p class=\"wp-block-paragraph\">\u201c<em>E\u2019 una giornata storica per l\u2019AIA. Mai prima di oggi un monumento, una piazza erano stati dedicati ad un arbitro. Oggi c\u2019\u00e8 Piazza Luca Colosimo<\/em>\u201d.<\/p>\n\n\n\n<p class=\"wp-block-paragraph\">Cos\u00ec Andrea Mazzaferro, arbitro benemerito e membro del Comitato Nazionale AIA, nel suo intervento alla solenne manifestazione in cui i cinque sedimi del borgo, di cui la piazza fa parte, sono&nbsp;stati&nbsp;ufficialmente dedicati all\u2019ex calciatore ed ex presidente della Juventus Giampiero Boniperti, al giovane arbitro Luca Colosimo, all\u2019ex capitano del Torino Giorgio Ferrini, alla campionessa di ginnastica Andreina Sacco Gotta e ad Alfonsina Strada la prima donna che partecip\u00f2 nel 1924 al Giro d\u2019Italia.<span style=\"font-family: -webkit-standard; font-size: medium; white-space: normal;\"><\/span><\/p>\n\n\n\n<figure class=\"wp-block-image size-large\"><img loading=\"lazy\" decoding=\"async\" width=\"1024\" height=\"785\" src=\"https:\/\/www.aiatorino.it\/aiatorino\/wp-content\/uploads\/2024\/10\/00-distretto-sportivo-villaretto-1024x785.jpg\" alt=\"\" class=\"wp-image-639\" srcset=\"https:\/\/www.aiatorino.it\/aiatorino\/wp-content\/uploads\/2024\/10\/00-distretto-sportivo-villaretto-1024x785.jpg 1024w, https:\/\/www.aiatorino.it\/aiatorino\/wp-content\/uploads\/2024\/10\/00-distretto-sportivo-villaretto-300x230.jpg 300w, https:\/\/www.aiatorino.it\/aiatorino\/wp-content\/uploads\/2024\/10\/00-distretto-sportivo-villaretto-768x589.jpg 768w, https:\/\/www.aiatorino.it\/aiatorino\/wp-content\/uploads\/2024\/10\/00-distretto-sportivo-villaretto-1536x1178.jpg 1536w, https:\/\/www.aiatorino.it\/aiatorino\/wp-content\/uploads\/2024\/10\/00-distretto-sportivo-villaretto-2048x1571.jpg 2048w\" sizes=\"auto, (max-width: 1024px) 100vw, 1024px\" \/><\/figure>\n\n\n\n<h4 class=\"wp-block-heading\">La cerimonia<\/h4>\n\n\n\n<p class=\"wp-block-paragraph\">La cerimonia \u00e8 stata officiata da Maria Grazia Grippo, Presidente del Consiglio Comunale di Torino, che ha fortemente voluto questo progetto portando a compimento il riordino toponomastico tanto atteso dagli abitanti del quartiere.<\/p>\n\n\n\n<p class=\"wp-block-paragraph\">\u201c<em>Il nostro grazie va a lei\u00a0\u2013 prosegue Andrea &#8211;\u00a0che pur non essendo un nostro associato ha compreso i valori sociali della nostra Associazione Italiana Arbitri: valori di giustizia, di uguaglianza, di lealt\u00e0. E per noi il giovane Luca Colosimo li ha incarnati tutti.<\/em>\u201d<br>Presenti il Presidente della Circoscrizione 6 di Torino Valerio Lomanto, l\u2019Assessore allo Sport Domenico Carretta, il Generale Galletta, anche lui tesserato AIA come i tanti venuti da diverse parti d\u2019Italia e capitanati da Aurelio Giorgianni Presidente della locale Sezione di Torino e Alfredo Trentalange Dirigente Benemerito e gi\u00e0 presidente dell\u2019AIA, Katia Senesi e Riccardo Camiciottoli del Comitato Nazionale, Paolo Calcagno neo presidente del CRA Piemonte\/VdA, Paolo Dondarini presidente del CRA Emilia Romagna,  il Presidente della Juventus Gianluca Ferrero, Cristiana Ferrini figlia del capitano dei capitani.<\/p>\n\n\n\n<figure class=\"wp-block-image size-large\"><img loading=\"lazy\" decoding=\"async\" width=\"1024\" height=\"768\" src=\"https:\/\/www.aiatorino.it\/aiatorino\/wp-content\/uploads\/2024\/10\/003-sottoiltendonecon-MariaGRAZIA-1024x768.jpg\" alt=\"\" class=\"wp-image-644\" srcset=\"https:\/\/www.aiatorino.it\/aiatorino\/wp-content\/uploads\/2024\/10\/003-sottoiltendonecon-MariaGRAZIA-1024x768.jpg 1024w, https:\/\/www.aiatorino.it\/aiatorino\/wp-content\/uploads\/2024\/10\/003-sottoiltendonecon-MariaGRAZIA-300x225.jpg 300w, https:\/\/www.aiatorino.it\/aiatorino\/wp-content\/uploads\/2024\/10\/003-sottoiltendonecon-MariaGRAZIA-768x576.jpg 768w, https:\/\/www.aiatorino.it\/aiatorino\/wp-content\/uploads\/2024\/10\/003-sottoiltendonecon-MariaGRAZIA-1536x1152.jpg 1536w, https:\/\/www.aiatorino.it\/aiatorino\/wp-content\/uploads\/2024\/10\/003-sottoiltendonecon-MariaGRAZIA-2048x1536.jpg 2048w\" sizes=\"auto, (max-width: 1024px) 100vw, 1024px\" \/><\/figure>\n\n\n\n<p class=\"wp-block-paragraph\">Il Coni, presente con il Presidente del Comitato regionale del Piemonte Fabio Mossino, ha voluto far giungere il suo messaggio di apprezzamento per l\u2019iniziativa.<\/p>\n\n\n\n<h4 class=\"wp-block-heading\">Il sogno di Luca<\/h4>\n\n\n\n<p class=\"wp-block-paragraph\">Conclude cos\u00ec il suo intervento Andrea Mazzaferro, che ha avuto il coraggio di proporre questo progetto quando era il presidente della Sezione AIA &#8220;Luca Colosimo&#8221; e che Aurelio Giorgianni attualmente in carica ha proseguito abbracciandolo in toto con tutto il suo CDS: \u201c<em>Il 9 marzo 2015 in un tragico incidente stradale avvenuto alle porte di Torino abbiamo perso uno dei nostri giovani pi\u00f9 valorosi, mentre tornava a casa con \u201cla sua punto\u201d dopo aver arbitrato Spal e Prato a Ferrara, gara di serie C. Da li a poco pi\u00f9 di un mese si sarebbe sposato. Da allora la visione della nostra sezione \u00e8 radicalmente cambiata ed ha coinvolto tutta l\u2019AIA nel far conoscere il sogno di Luca che voleva diventare arbitro di serie A pur rimanendo un giovane dedito alla famiglia, al suo lavoro senza tralasciare il suo impegno sociale e il suo oratorio. E per questo abbiamo istituito il Premio Luca Colosimo perch\u00e9 vogliamo far conoscere l\u2019impegno che ogni arbitro profonde nello svolgere il suo ruolo con passione.<\/em><\/p>\n\n\n\n<figure class=\"wp-block-image size-large\"><img loading=\"lazy\" decoding=\"async\" width=\"1024\" height=\"290\" src=\"https:\/\/www.aiatorino.it\/aiatorino\/wp-content\/uploads\/2024\/10\/Screenshot-2024-10-05-alle-21.58.07-1024x290.png\" alt=\"Luca Colosimo\" class=\"wp-image-652\" srcset=\"https:\/\/www.aiatorino.it\/aiatorino\/wp-content\/uploads\/2024\/10\/Screenshot-2024-10-05-alle-21.58.07-1024x290.png 1024w, https:\/\/www.aiatorino.it\/aiatorino\/wp-content\/uploads\/2024\/10\/Screenshot-2024-10-05-alle-21.58.07-300x85.png 300w, https:\/\/www.aiatorino.it\/aiatorino\/wp-content\/uploads\/2024\/10\/Screenshot-2024-10-05-alle-21.58.07-768x218.png 768w, https:\/\/www.aiatorino.it\/aiatorino\/wp-content\/uploads\/2024\/10\/Screenshot-2024-10-05-alle-21.58.07.png 1370w\" sizes=\"auto, (max-width: 1024px) 100vw, 1024px\" \/><\/figure>\n\n\n\n<p class=\"wp-block-paragraph\"><em>Non ci sono solo voli in aereo o viaggi in treno in business class ma trasferte lunghe ed impegnative che coniugano l\u2019essere arbitro con l\u2019essere uomo, avere un lavoro, essere parte di una famiglia, e subito dopo finita la gara avere il desiderio di rientrare a casa. E nel 2025 celebreremo la decima edizione nel decennale della sua scomparsa. Oggi noi Luca lo immaginiamo qui, al centro di questo distretto toponomastico, che fischia l\u2019inizio di una nuova stagione sociale\u201d.<\/em><\/p>\n\n\n\n<figure class=\"wp-block-image size-full\"><img decoding=\"async\" src=\"https:\/\/www.aiatorino.it\/aiatorino\/wp-content\/uploads\/2024\/05\/DSC_0303.jpg\" alt=\"\" class=\"wp-image-406\"\/><\/figure>\n\n\n\n<h4 class=\"wp-block-heading\">Villaretto da periferia a Centro Citt\u00e0<\/h4>\n\n\n\n<p class=\"wp-block-paragraph\">\u201c<em>La periferia \u00e8 diventata il Centro della Citt\u00e0 grazie al valore di una Squadra di Sportivi che hanno portato alto il nome di Torino. Una progettualit\u00e0 inedita scelta dal Consiglio Comunale che mette al centro della scena non il talento di un singolo ma un&nbsp;tratto distintivo della nostra citt\u00e0, il suo <a href=\"https:\/\/www.coni.it\/it\/\">talento sportivo<\/a> che \u00e8 raccontato attraverso il ricordo di tante personalit\u00e0, come se dovessimo ascoltare un canto a pi\u00f9 voci\u201d<\/em>. Cos\u00ec nel suo intervento Maria Grazia Grippo suggella una cerimonia a cui non hanno voluto far mancare la loro presenza gioiosa i bambini di alcune classi elementari e delle loro maestre, nonostante la pioggia battente. Cerimonia che \u00e8 stata resa possibile grazie al supporto della <a href=\"https:\/\/protezionecivile.comune.torino.it\/\">Protezione Civile di Torino<\/a>&nbsp;ed ha avuto la cornice sonora della Banda del Corpo di Polizia Municipale.<\/p>\n\n\n\n<figure class=\"wp-block-gallery has-nested-images columns-default is-cropped wp-block-gallery-1 is-layout-flex wp-block-gallery-is-layout-flex\">\n<figure class=\"wp-block-image size-large\"><img loading=\"lazy\" decoding=\"async\" width=\"1024\" height=\"768\" data-id=\"648\" src=\"https:\/\/www.aiatorino.it\/aiatorino\/wp-content\/uploads\/2024\/10\/006-i5delpadrenostro1IMG_2267-1024x768.jpeg\" alt=\"\" class=\"wp-image-648\" srcset=\"https:\/\/www.aiatorino.it\/aiatorino\/wp-content\/uploads\/2024\/10\/006-i5delpadrenostro1IMG_2267-1024x768.jpeg 1024w, https:\/\/www.aiatorino.it\/aiatorino\/wp-content\/uploads\/2024\/10\/006-i5delpadrenostro1IMG_2267-300x225.jpeg 300w, https:\/\/www.aiatorino.it\/aiatorino\/wp-content\/uploads\/2024\/10\/006-i5delpadrenostro1IMG_2267-768x576.jpeg 768w, https:\/\/www.aiatorino.it\/aiatorino\/wp-content\/uploads\/2024\/10\/006-i5delpadrenostro1IMG_2267-1536x1152.jpeg 1536w, https:\/\/www.aiatorino.it\/aiatorino\/wp-content\/uploads\/2024\/10\/006-i5delpadrenostro1IMG_2267-2048x1536.jpeg 2048w\" sizes=\"auto, (max-width: 1024px) 100vw, 1024px\" \/><\/figure>\n\n\n\n<figure class=\"wp-block-image size-large\"><img loading=\"lazy\" decoding=\"async\" width=\"1024\" height=\"768\" data-id=\"647\" src=\"https:\/\/www.aiatorino.it\/aiatorino\/wp-content\/uploads\/2024\/10\/005-tuttisottolinsegna-della-piazza-1024x768.jpeg\" alt=\"\" class=\"wp-image-647\" srcset=\"https:\/\/www.aiatorino.it\/aiatorino\/wp-content\/uploads\/2024\/10\/005-tuttisottolinsegna-della-piazza-1024x768.jpeg 1024w, https:\/\/www.aiatorino.it\/aiatorino\/wp-content\/uploads\/2024\/10\/005-tuttisottolinsegna-della-piazza-300x225.jpeg 300w, https:\/\/www.aiatorino.it\/aiatorino\/wp-content\/uploads\/2024\/10\/005-tuttisottolinsegna-della-piazza-768x576.jpeg 768w, https:\/\/www.aiatorino.it\/aiatorino\/wp-content\/uploads\/2024\/10\/005-tuttisottolinsegna-della-piazza-1536x1152.jpeg 1536w, https:\/\/www.aiatorino.it\/aiatorino\/wp-content\/uploads\/2024\/10\/005-tuttisottolinsegna-della-piazza-2048x1536.jpeg 2048w\" sizes=\"auto, (max-width: 1024px) 100vw, 1024px\" \/><\/figure>\n\n\n\n<figure class=\"wp-block-image size-large\"><img loading=\"lazy\" decoding=\"async\" width=\"1024\" height=\"768\" data-id=\"646\" src=\"https:\/\/www.aiatorino.it\/aiatorino\/wp-content\/uploads\/2024\/10\/004-Lorosottolinsegnadella-piazza-1024x768.jpeg\" alt=\"\" class=\"wp-image-646\" srcset=\"https:\/\/www.aiatorino.it\/aiatorino\/wp-content\/uploads\/2024\/10\/004-Lorosottolinsegnadella-piazza-1024x768.jpeg 1024w, https:\/\/www.aiatorino.it\/aiatorino\/wp-content\/uploads\/2024\/10\/004-Lorosottolinsegnadella-piazza-300x225.jpeg 300w, https:\/\/www.aiatorino.it\/aiatorino\/wp-content\/uploads\/2024\/10\/004-Lorosottolinsegnadella-piazza-768x576.jpeg 768w, https:\/\/www.aiatorino.it\/aiatorino\/wp-content\/uploads\/2024\/10\/004-Lorosottolinsegnadella-piazza-1536x1152.jpeg 1536w, https:\/\/www.aiatorino.it\/aiatorino\/wp-content\/uploads\/2024\/10\/004-Lorosottolinsegnadella-piazza-2048x1536.jpeg 2048w\" sizes=\"auto, (max-width: 1024px) 100vw, 1024px\" \/><\/figure>\n\n\n\n<figure class=\"wp-block-image size-large\"><img loading=\"lazy\" decoding=\"async\" width=\"1024\" height=\"768\" data-id=\"642\" src=\"https:\/\/www.aiatorino.it\/aiatorino\/wp-content\/uploads\/2024\/10\/001-piazza-Luca-COlosimo-1024x768.jpeg\" alt=\"\" class=\"wp-image-642\" srcset=\"https:\/\/www.aiatorino.it\/aiatorino\/wp-content\/uploads\/2024\/10\/001-piazza-Luca-COlosimo-1024x768.jpeg 1024w, https:\/\/www.aiatorino.it\/aiatorino\/wp-content\/uploads\/2024\/10\/001-piazza-Luca-COlosimo-300x225.jpeg 300w, https:\/\/www.aiatorino.it\/aiatorino\/wp-content\/uploads\/2024\/10\/001-piazza-Luca-COlosimo-768x576.jpeg 768w, https:\/\/www.aiatorino.it\/aiatorino\/wp-content\/uploads\/2024\/10\/001-piazza-Luca-COlosimo-1536x1152.jpeg 1536w, https:\/\/www.aiatorino.it\/aiatorino\/wp-content\/uploads\/2024\/10\/001-piazza-Luca-COlosimo.jpeg 2048w\" sizes=\"auto, (max-width: 1024px) 100vw, 1024px\" \/><\/figure>\n\n\n\n<figure class=\"wp-block-image size-large\"><img loading=\"lazy\" decoding=\"async\" width=\"1024\" height=\"685\" data-id=\"95\" src=\"https:\/\/www.aiatorino.it\/aiatorino\/wp-content\/uploads\/2024\/02\/giorgianni-1024x685.jpg\" alt=\"Aurelio Giorgianni - presidente\" class=\"wp-image-95\" srcset=\"https:\/\/www.aiatorino.it\/aiatorino\/wp-content\/uploads\/2024\/02\/giorgianni-1024x685.jpg 1024w, https:\/\/www.aiatorino.it\/aiatorino\/wp-content\/uploads\/2024\/02\/giorgianni-300x201.jpg 300w, https:\/\/www.aiatorino.it\/aiatorino\/wp-content\/uploads\/2024\/02\/giorgianni-768x514.jpg 768w, https:\/\/www.aiatorino.it\/aiatorino\/wp-content\/uploads\/2024\/02\/giorgianni-1536x1028.jpg 1536w, https:\/\/www.aiatorino.it\/aiatorino\/wp-content\/uploads\/2024\/02\/giorgianni-2048x1371.jpg 2048w\" sizes=\"auto, (max-width: 1024px) 100vw, 1024px\" \/><\/figure>\n\n\n\n<figure class=\"wp-block-image size-large\"><img loading=\"lazy\" decoding=\"async\" width=\"1024\" height=\"768\" data-id=\"641\" src=\"https:\/\/www.aiatorino.it\/aiatorino\/wp-content\/uploads\/2024\/10\/00000premiopulitzermigliorfoto-1024x768.jpeg\" alt=\"\" class=\"wp-image-641\" srcset=\"https:\/\/www.aiatorino.it\/aiatorino\/wp-content\/uploads\/2024\/10\/00000premiopulitzermigliorfoto-1024x768.jpeg 1024w, https:\/\/www.aiatorino.it\/aiatorino\/wp-content\/uploads\/2024\/10\/00000premiopulitzermigliorfoto-300x225.jpeg 300w, https:\/\/www.aiatorino.it\/aiatorino\/wp-content\/uploads\/2024\/10\/00000premiopulitzermigliorfoto-768x576.jpeg 768w, https:\/\/www.aiatorino.it\/aiatorino\/wp-content\/uploads\/2024\/10\/00000premiopulitzermigliorfoto-1536x1152.jpeg 1536w, https:\/\/www.aiatorino.it\/aiatorino\/wp-content\/uploads\/2024\/10\/00000premiopulitzermigliorfoto-2048x1536.jpeg 2048w\" sizes=\"auto, (max-width: 1024px) 100vw, 1024px\" \/><\/figure>\n\n\n\n<figure class=\"wp-block-image size-large\"><img loading=\"lazy\" decoding=\"async\" width=\"1024\" height=\"461\" data-id=\"655\" src=\"https:\/\/www.aiatorino.it\/aiatorino\/wp-content\/uploads\/2024\/10\/labanda-1024x461.jpg\" alt=\"\" class=\"wp-image-655\" srcset=\"https:\/\/www.aiatorino.it\/aiatorino\/wp-content\/uploads\/2024\/10\/labanda-1024x461.jpg 1024w, https:\/\/www.aiatorino.it\/aiatorino\/wp-content\/uploads\/2024\/10\/labanda-300x135.jpg 300w, https:\/\/www.aiatorino.it\/aiatorino\/wp-content\/uploads\/2024\/10\/labanda-768x346.jpg 768w, https:\/\/www.aiatorino.it\/aiatorino\/wp-content\/uploads\/2024\/10\/labanda-1536x691.jpg 1536w, https:\/\/www.aiatorino.it\/aiatorino\/wp-content\/uploads\/2024\/10\/labanda-2048x922.jpg 2048w\" sizes=\"auto, (max-width: 1024px) 100vw, 1024px\" \/><figcaption class=\"wp-element-caption\">oppo_0<\/figcaption><\/figure>\n<\/figure>\n\n\n\n<p class=\"wp-block-paragraph\">Nino Gentile<\/p>\n\n\n\n\n\n<p class=\"wp-block-paragraph\"><\/p>\n","protected":false},"excerpt":{"rendered":"<p>Piazza Luca Colosimo, a Villaretto quartiere di Torino, il 3 ottobre dell&#8217;anno 2024. Dal 3 ottobre 2024, Luca sar\u00e0 ricordato da tutti i Cittadini di Torino al Villaretto. \u201cE\u2019 una giornata storica per l\u2019AIA. Mai prima di oggi un monumento, una piazza erano stati dedicati ad un arbitro. Oggi c\u2019\u00e8 Piazza Luca Colosimo\u201d. Cos\u00ec Andrea [&hellip;]<\/p>\n","protected":false},"author":5,"featured_media":636,"comment_status":"closed","ping_status":"closed","sticky":false,"template":"","format":"standard","meta":{"pagelayer_contact_templates":[],"_pagelayer_content":"","footnotes":"[]"},"categories":[1],"tags":[],"class_list":["post-633","post","type-post","status-publish","format-standard","has-post-thumbnail","hentry","category-uncategorized"],"yoast_head":"<!-- This site is optimized with the Yoast SEO plugin v28.4 - https:\/\/yoast.com\/product\/yoast-seo-wordpress\/ -->\n<title>Piazza LUCA COLOSIMO - AIA Torino<\/title>\n<meta name=\"description\" content=\"Il Premio Luca Colosimo \u00e8 fare memoria di un giovane arbitro talentuoso in campo e generoso verso il prossimo nella vita di tutti i giorni.\" \/>\n<meta name=\"robots\" content=\"index, follow, max-snippet:-1, max-image-preview:large, max-video-preview:-1\" \/>\n<link rel=\"canonical\" href=\"https:\/\/www.aiatorino.it\/aiatorino\/home\/2024\/10\/06\/piazza-luca-colosimo\/\" \/>\n<meta property=\"og:locale\" content=\"it_IT\" \/>\n<meta property=\"og:type\" content=\"article\" \/>\n<meta property=\"og:title\" content=\"Piazza Luca Colosimo\" \/>\n<meta property=\"og:description\" content=\"Il Premio Luca Colosimo \u00e8 fare memoria di un giovane arbitro talentuoso in campo e generoso verso il prossimo nella vita di tutti i giorni.\" \/>\n<meta property=\"og:url\" content=\"https:\/\/www.aiatorino.it\/aiatorino\/home\/2024\/10\/06\/piazza-luca-colosimo\/\" \/>\n<meta property=\"og:site_name\" content=\"AIA Torino\" \/>\n<meta property=\"article:publisher\" content=\"https:\/\/www.facebook.com\/aiatorino\" \/>\n<meta property=\"article:published_time\" content=\"2024-10-06T06:17:51+00:00\" \/>\n<meta property=\"article:modified_time\" content=\"2024-10-11T05:51:30+00:00\" \/>\n<meta property=\"og:image\" content=\"https:\/\/www.aiatorino.it\/aiatorino\/wp-content\/uploads\/2024\/10\/000-fotoheaderPiazzaCOLOSIMO.jpg\" \/>\n\t<meta property=\"og:image:width\" content=\"2470\" \/>\n\t<meta property=\"og:image:height\" content=\"1784\" \/>\n\t<meta property=\"og:image:type\" content=\"image\/jpeg\" \/>\n<meta name=\"author\" content=\"Riccardo Trionfante\" \/>\n<meta name=\"twitter:card\" content=\"summary_large_image\" \/>\n<meta name=\"twitter:label1\" content=\"Scritto da\" \/>\n\t<meta name=\"twitter:data1\" content=\"Riccardo Trionfante\" \/>\n\t<meta name=\"twitter:label2\" content=\"Tempo di lettura stimato\" \/>\n\t<meta name=\"twitter:data2\" content=\"7 minuti\" \/>\n<script type=\"application\/ld+json\" class=\"yoast-schema-graph\">{\"@context\":\"https:\\\/\\\/schema.org\",\"@graph\":[{\"@type\":\"Article\",\"@id\":\"https:\\\/\\\/www.aiatorino.it\\\/aiatorino\\\/home\\\/2024\\\/10\\\/06\\\/piazza-luca-colosimo\\\/#article\",\"isPartOf\":{\"@id\":\"https:\\\/\\\/www.aiatorino.it\\\/aiatorino\\\/home\\\/2024\\\/10\\\/06\\\/piazza-luca-colosimo\\\/\"},\"author\":{\"name\":\"Riccardo Trionfante\",\"@id\":\"https:\\\/\\\/www.aiatorino.it\\\/aiatorino\\\/home\\\/#\\\/schema\\\/person\\\/2097bcc91c89bd1c92fd717f95d25c74\"},\"headline\":\"Piazza LUCA COLOSIMO\",\"datePublished\":\"2024-10-06T06:17:51+00:00\",\"dateModified\":\"2024-10-11T05:51:30+00:00\",\"mainEntityOfPage\":{\"@id\":\"https:\\\/\\\/www.aiatorino.it\\\/aiatorino\\\/home\\\/2024\\\/10\\\/06\\\/piazza-luca-colosimo\\\/\"},\"wordCount\":719,\"publisher\":{\"@id\":\"https:\\\/\\\/www.aiatorino.it\\\/aiatorino\\\/home\\\/#organization\"},\"image\":{\"@id\":\"https:\\\/\\\/www.aiatorino.it\\\/aiatorino\\\/home\\\/2024\\\/10\\\/06\\\/piazza-luca-colosimo\\\/#primaryimage\"},\"thumbnailUrl\":\"https:\\\/\\\/www.aiatorino.it\\\/aiatorino\\\/wp-content\\\/uploads\\\/2024\\\/10\\\/header19020x1080Andrea.jpg\",\"articleSection\":[\"Uncategorized\"],\"inLanguage\":\"it-IT\"},{\"@type\":\"WebPage\",\"@id\":\"https:\\\/\\\/www.aiatorino.it\\\/aiatorino\\\/home\\\/2024\\\/10\\\/06\\\/piazza-luca-colosimo\\\/\",\"url\":\"https:\\\/\\\/www.aiatorino.it\\\/aiatorino\\\/home\\\/2024\\\/10\\\/06\\\/piazza-luca-colosimo\\\/\",\"name\":\"Piazza LUCA COLOSIMO - AIA Torino\",\"isPartOf\":{\"@id\":\"https:\\\/\\\/www.aiatorino.it\\\/aiatorino\\\/home\\\/#website\"},\"primaryImageOfPage\":{\"@id\":\"https:\\\/\\\/www.aiatorino.it\\\/aiatorino\\\/home\\\/2024\\\/10\\\/06\\\/piazza-luca-colosimo\\\/#primaryimage\"},\"image\":{\"@id\":\"https:\\\/\\\/www.aiatorino.it\\\/aiatorino\\\/home\\\/2024\\\/10\\\/06\\\/piazza-luca-colosimo\\\/#primaryimage\"},\"thumbnailUrl\":\"https:\\\/\\\/www.aiatorino.it\\\/aiatorino\\\/wp-content\\\/uploads\\\/2024\\\/10\\\/header19020x1080Andrea.jpg\",\"datePublished\":\"2024-10-06T06:17:51+00:00\",\"dateModified\":\"2024-10-11T05:51:30+00:00\",\"description\":\"Il Premio Luca Colosimo \u00e8 fare memoria di un giovane arbitro talentuoso in campo e generoso verso il prossimo nella vita di tutti i giorni.\",\"breadcrumb\":{\"@id\":\"https:\\\/\\\/www.aiatorino.it\\\/aiatorino\\\/home\\\/2024\\\/10\\\/06\\\/piazza-luca-colosimo\\\/#breadcrumb\"},\"inLanguage\":\"it-IT\",\"potentialAction\":[{\"@type\":\"ReadAction\",\"target\":[\"https:\\\/\\\/www.aiatorino.it\\\/aiatorino\\\/home\\\/2024\\\/10\\\/06\\\/piazza-luca-colosimo\\\/\"]}]},{\"@type\":\"ImageObject\",\"inLanguage\":\"it-IT\",\"@id\":\"https:\\\/\\\/www.aiatorino.it\\\/aiatorino\\\/home\\\/2024\\\/10\\\/06\\\/piazza-luca-colosimo\\\/#primaryimage\",\"url\":\"https:\\\/\\\/www.aiatorino.it\\\/aiatorino\\\/wp-content\\\/uploads\\\/2024\\\/10\\\/header19020x1080Andrea.jpg\",\"contentUrl\":\"https:\\\/\\\/www.aiatorino.it\\\/aiatorino\\\/wp-content\\\/uploads\\\/2024\\\/10\\\/header19020x1080Andrea.jpg\",\"width\":1920,\"height\":1080,\"caption\":\"Andrea Mazzaferro all'intitolazione di Piazza Luca Colosimo 3 ottobre 2024 - Villaretto Torino\"},{\"@type\":\"BreadcrumbList\",\"@id\":\"https:\\\/\\\/www.aiatorino.it\\\/aiatorino\\\/home\\\/2024\\\/10\\\/06\\\/piazza-luca-colosimo\\\/#breadcrumb\",\"itemListElement\":[{\"@type\":\"ListItem\",\"position\":1,\"name\":\"Home\",\"item\":\"https:\\\/\\\/www.aiatorino.it\\\/aiatorino\\\/home\\\/\"},{\"@type\":\"ListItem\",\"position\":2,\"name\":\"Piazza LUCA COLOSIMO\"}]},{\"@type\":\"WebSite\",\"@id\":\"https:\\\/\\\/www.aiatorino.it\\\/aiatorino\\\/home\\\/#website\",\"url\":\"https:\\\/\\\/www.aiatorino.it\\\/aiatorino\\\/home\\\/\",\"name\":\"AIA Torino\",\"description\":\"Sezione Luca Colosimo\",\"publisher\":{\"@id\":\"https:\\\/\\\/www.aiatorino.it\\\/aiatorino\\\/home\\\/#organization\"},\"potentialAction\":[{\"@type\":\"SearchAction\",\"target\":{\"@type\":\"EntryPoint\",\"urlTemplate\":\"https:\\\/\\\/www.aiatorino.it\\\/aiatorino\\\/home\\\/?s={search_term_string}\"},\"query-input\":{\"@type\":\"PropertyValueSpecification\",\"valueRequired\":true,\"valueName\":\"search_term_string\"}}],\"inLanguage\":\"it-IT\"},{\"@type\":\"Organization\",\"@id\":\"https:\\\/\\\/www.aiatorino.it\\\/aiatorino\\\/home\\\/#organization\",\"name\":\"AIA Torino\",\"url\":\"https:\\\/\\\/www.aiatorino.it\\\/aiatorino\\\/home\\\/\",\"logo\":{\"@type\":\"ImageObject\",\"inLanguage\":\"it-IT\",\"@id\":\"https:\\\/\\\/www.aiatorino.it\\\/aiatorino\\\/home\\\/#\\\/schema\\\/logo\\\/image\\\/\",\"url\":\"https:\\\/\\\/www.aiatorino.it\\\/aiatorino\\\/wp-content\\\/uploads\\\/2025\\\/09\\\/logo-web.png\",\"contentUrl\":\"https:\\\/\\\/www.aiatorino.it\\\/aiatorino\\\/wp-content\\\/uploads\\\/2025\\\/09\\\/logo-web.png\",\"width\":512,\"height\":512,\"caption\":\"AIA Torino\"},\"image\":{\"@id\":\"https:\\\/\\\/www.aiatorino.it\\\/aiatorino\\\/home\\\/#\\\/schema\\\/logo\\\/image\\\/\"},\"sameAs\":[\"https:\\\/\\\/www.facebook.com\\\/aiatorino\",\"https:\\\/\\\/www.instagram.com\\\/aiatorino\\\/\"]},{\"@type\":\"Person\",\"@id\":\"https:\\\/\\\/www.aiatorino.it\\\/aiatorino\\\/home\\\/#\\\/schema\\\/person\\\/2097bcc91c89bd1c92fd717f95d25c74\",\"name\":\"Riccardo Trionfante\",\"image\":{\"@type\":\"ImageObject\",\"inLanguage\":\"it-IT\",\"@id\":\"https:\\\/\\\/secure.gravatar.com\\\/avatar\\\/36c4465ae94737356530c10777cbf9d5d72aa84deb8f62b51c8f23bf4cd2b242?s=96&d=mm&r=g\",\"url\":\"https:\\\/\\\/secure.gravatar.com\\\/avatar\\\/36c4465ae94737356530c10777cbf9d5d72aa84deb8f62b51c8f23bf4cd2b242?s=96&d=mm&r=g\",\"contentUrl\":\"https:\\\/\\\/secure.gravatar.com\\\/avatar\\\/36c4465ae94737356530c10777cbf9d5d72aa84deb8f62b51c8f23bf4cd2b242?s=96&d=mm&r=g\",\"caption\":\"Riccardo Trionfante\"},\"url\":\"https:\\\/\\\/www.aiatorino.it\\\/aiatorino\\\/home\\\/author\\\/riccardo_admin\\\/\"}]}<\/script>\n<!-- \/ Yoast SEO plugin. -->","yoast_head_json":{"title":"Piazza LUCA COLOSIMO - AIA Torino","description":"Il Premio Luca Colosimo \u00e8 fare memoria di un giovane arbitro talentuoso in campo e generoso verso il prossimo nella vita di tutti i giorni.","robots":{"index":"index","follow":"follow","max-snippet":"max-snippet:-1","max-image-preview":"max-image-preview:large","max-video-preview":"max-video-preview:-1"},"canonical":"https:\/\/www.aiatorino.it\/aiatorino\/home\/2024\/10\/06\/piazza-luca-colosimo\/","og_locale":"it_IT","og_type":"article","og_title":"Piazza Luca Colosimo","og_description":"Il Premio Luca Colosimo \u00e8 fare memoria di un giovane arbitro talentuoso in campo e generoso verso il prossimo nella vita di tutti i giorni.","og_url":"https:\/\/www.aiatorino.it\/aiatorino\/home\/2024\/10\/06\/piazza-luca-colosimo\/","og_site_name":"AIA Torino","article_publisher":"https:\/\/www.facebook.com\/aiatorino","article_published_time":"2024-10-06T06:17:51+00:00","article_modified_time":"2024-10-11T05:51:30+00:00","og_image":[{"width":2470,"height":1784,"url":"https:\/\/www.aiatorino.it\/aiatorino\/wp-content\/uploads\/2024\/10\/000-fotoheaderPiazzaCOLOSIMO.jpg","type":"image\/jpeg"}],"author":"Riccardo Trionfante","twitter_card":"summary_large_image","twitter_misc":{"Scritto da":"Riccardo Trionfante","Tempo di lettura stimato":"7 minuti"},"schema":{"@context":"https:\/\/schema.org","@graph":[{"@type":"Article","@id":"https:\/\/www.aiatorino.it\/aiatorino\/home\/2024\/10\/06\/piazza-luca-colosimo\/#article","isPartOf":{"@id":"https:\/\/www.aiatorino.it\/aiatorino\/home\/2024\/10\/06\/piazza-luca-colosimo\/"},"author":{"name":"Riccardo Trionfante","@id":"https:\/\/www.aiatorino.it\/aiatorino\/home\/#\/schema\/person\/2097bcc91c89bd1c92fd717f95d25c74"},"headline":"Piazza LUCA COLOSIMO","datePublished":"2024-10-06T06:17:51+00:00","dateModified":"2024-10-11T05:51:30+00:00","mainEntityOfPage":{"@id":"https:\/\/www.aiatorino.it\/aiatorino\/home\/2024\/10\/06\/piazza-luca-colosimo\/"},"wordCount":719,"publisher":{"@id":"https:\/\/www.aiatorino.it\/aiatorino\/home\/#organization"},"image":{"@id":"https:\/\/www.aiatorino.it\/aiatorino\/home\/2024\/10\/06\/piazza-luca-colosimo\/#primaryimage"},"thumbnailUrl":"https:\/\/www.aiatorino.it\/aiatorino\/wp-content\/uploads\/2024\/10\/header19020x1080Andrea.jpg","articleSection":["Uncategorized"],"inLanguage":"it-IT"},{"@type":"WebPage","@id":"https:\/\/www.aiatorino.it\/aiatorino\/home\/2024\/10\/06\/piazza-luca-colosimo\/","url":"https:\/\/www.aiatorino.it\/aiatorino\/home\/2024\/10\/06\/piazza-luca-colosimo\/","name":"Piazza LUCA COLOSIMO - AIA Torino","isPartOf":{"@id":"https:\/\/www.aiatorino.it\/aiatorino\/home\/#website"},"primaryImageOfPage":{"@id":"https:\/\/www.aiatorino.it\/aiatorino\/home\/2024\/10\/06\/piazza-luca-colosimo\/#primaryimage"},"image":{"@id":"https:\/\/www.aiatorino.it\/aiatorino\/home\/2024\/10\/06\/piazza-luca-colosimo\/#primaryimage"},"thumbnailUrl":"https:\/\/www.aiatorino.it\/aiatorino\/wp-content\/uploads\/2024\/10\/header19020x1080Andrea.jpg","datePublished":"2024-10-06T06:17:51+00:00","dateModified":"2024-10-11T05:51:30+00:00","description":"Il Premio Luca Colosimo \u00e8 fare memoria di un giovane arbitro talentuoso in campo e generoso verso il prossimo nella vita di tutti i giorni.","breadcrumb":{"@id":"https:\/\/www.aiatorino.it\/aiatorino\/home\/2024\/10\/06\/piazza-luca-colosimo\/#breadcrumb"},"inLanguage":"it-IT","potentialAction":[{"@type":"ReadAction","target":["https:\/\/www.aiatorino.it\/aiatorino\/home\/2024\/10\/06\/piazza-luca-colosimo\/"]}]},{"@type":"ImageObject","inLanguage":"it-IT","@id":"https:\/\/www.aiatorino.it\/aiatorino\/home\/2024\/10\/06\/piazza-luca-colosimo\/#primaryimage","url":"https:\/\/www.aiatorino.it\/aiatorino\/wp-content\/uploads\/2024\/10\/header19020x1080Andrea.jpg","contentUrl":"https:\/\/www.aiatorino.it\/aiatorino\/wp-content\/uploads\/2024\/10\/header19020x1080Andrea.jpg","width":1920,"height":1080,"caption":"Andrea Mazzaferro all'intitolazione di Piazza Luca Colosimo 3 ottobre 2024 - Villaretto Torino"},{"@type":"BreadcrumbList","@id":"https:\/\/www.aiatorino.it\/aiatorino\/home\/2024\/10\/06\/piazza-luca-colosimo\/#breadcrumb","itemListElement":[{"@type":"ListItem","position":1,"name":"Home","item":"https:\/\/www.aiatorino.it\/aiatorino\/home\/"},{"@type":"ListItem","position":2,"name":"Piazza LUCA COLOSIMO"}]},{"@type":"WebSite","@id":"https:\/\/www.aiatorino.it\/aiatorino\/home\/#website","url":"https:\/\/www.aiatorino.it\/aiatorino\/home\/","name":"AIA Torino","description":"Sezione Luca Colosimo","publisher":{"@id":"https:\/\/www.aiatorino.it\/aiatorino\/home\/#organization"},"potentialAction":[{"@type":"SearchAction","target":{"@type":"EntryPoint","urlTemplate":"https:\/\/www.aiatorino.it\/aiatorino\/home\/?s={search_term_string}"},"query-input":{"@type":"PropertyValueSpecification","valueRequired":true,"valueName":"search_term_string"}}],"inLanguage":"it-IT"},{"@type":"Organization","@id":"https:\/\/www.aiatorino.it\/aiatorino\/home\/#organization","name":"AIA Torino","url":"https:\/\/www.aiatorino.it\/aiatorino\/home\/","logo":{"@type":"ImageObject","inLanguage":"it-IT","@id":"https:\/\/www.aiatorino.it\/aiatorino\/home\/#\/schema\/logo\/image\/","url":"https:\/\/www.aiatorino.it\/aiatorino\/wp-content\/uploads\/2025\/09\/logo-web.png","contentUrl":"https:\/\/www.aiatorino.it\/aiatorino\/wp-content\/uploads\/2025\/09\/logo-web.png","width":512,"height":512,"caption":"AIA Torino"},"image":{"@id":"https:\/\/www.aiatorino.it\/aiatorino\/home\/#\/schema\/logo\/image\/"},"sameAs":["https:\/\/www.facebook.com\/aiatorino","https:\/\/www.instagram.com\/aiatorino\/"]},{"@type":"Person","@id":"https:\/\/www.aiatorino.it\/aiatorino\/home\/#\/schema\/person\/2097bcc91c89bd1c92fd717f95d25c74","name":"Riccardo Trionfante","image":{"@type":"ImageObject","inLanguage":"it-IT","@id":"https:\/\/secure.gravatar.com\/avatar\/36c4465ae94737356530c10777cbf9d5d72aa84deb8f62b51c8f23bf4cd2b242?s=96&d=mm&r=g","url":"https:\/\/secure.gravatar.com\/avatar\/36c4465ae94737356530c10777cbf9d5d72aa84deb8f62b51c8f23bf4cd2b242?s=96&d=mm&r=g","contentUrl":"https:\/\/secure.gravatar.com\/avatar\/36c4465ae94737356530c10777cbf9d5d72aa84deb8f62b51c8f23bf4cd2b242?s=96&d=mm&r=g","caption":"Riccardo Trionfante"},"url":"https:\/\/www.aiatorino.it\/aiatorino\/home\/author\/riccardo_admin\/"}]}},"_links":{"self":[{"href":"https:\/\/www.aiatorino.it\/aiatorino\/home\/wp-json\/wp\/v2\/posts\/633","targetHints":{"allow":["GET"]}}],"collection":[{"href":"https:\/\/www.aiatorino.it\/aiatorino\/home\/wp-json\/wp\/v2\/posts"}],"about":[{"href":"https:\/\/www.aiatorino.it\/aiatorino\/home\/wp-json\/wp\/v2\/types\/post"}],"author":[{"embeddable":true,"href":"https:\/\/www.aiatorino.it\/aiatorino\/home\/wp-json\/wp\/v2\/users\/5"}],"replies":[{"embeddable":true,"href":"https:\/\/www.aiatorino.it\/aiatorino\/home\/wp-json\/wp\/v2\/comments?post=633"}],"version-history":[{"count":22,"href":"https:\/\/www.aiatorino.it\/aiatorino\/home\/wp-json\/wp\/v2\/posts\/633\/revisions"}],"predecessor-version":[{"id":674,"href":"https:\/\/www.aiatorino.it\/aiatorino\/home\/wp-json\/wp\/v2\/posts\/633\/revisions\/674"}],"wp:featuredmedia":[{"embeddable":true,"href":"https:\/\/www.aiatorino.it\/aiatorino\/home\/wp-json\/wp\/v2\/media\/636"}],"wp:attachment":[{"href":"https:\/\/www.aiatorino.it\/aiatorino\/home\/wp-json\/wp\/v2\/media?parent=633"}],"wp:term":[{"taxonomy":"category","embeddable":true,"href":"https:\/\/www.aiatorino.it\/aiatorino\/home\/wp-json\/wp\/v2\/categories?post=633"},{"taxonomy":"post_tag","embeddable":true,"href":"https:\/\/www.aiatorino.it\/aiatorino\/home\/wp-json\/wp\/v2\/tags?post=633"}],"curies":[{"name":"wp","href":"https:\/\/api.w.org\/{rel}","templated":true}]}}