{"id":823,"date":"2025-02-04T20:32:53","date_gmt":"2025-02-04T20:32:53","guid":{"rendered":"https:\/\/www.aiatorino.it\/aiatorino\/?p=823"},"modified":"2025-02-04T21:23:06","modified_gmt":"2025-02-04T21:23:06","slug":"raduno-di-meta-campionato-per-gli-arbitri-ots","status":"publish","type":"post","link":"https:\/\/www.aiatorino.it\/aiatorino\/home\/2025\/02\/04\/raduno-di-meta-campionato-per-gli-arbitri-ots\/","title":{"rendered":"la Sezione di Torino in campo per il raduno di met\u00e0 stagione"},"content":{"rendered":"\n<p class=\"wp-block-paragraph\">Dopo la pausa legata alle festivit\u00e0 natalizie, alla ripresa dei campionati che entrano nel vivo e si avviano alle fasi finali, la Sezione di Torino in campo per il raduno di met\u00e0 stagione con gli arbitri OTS.<\/p>\n\n\n\n<p class=\"wp-block-paragraph\">Con la ripresa delle attivit\u00e0 agonistica arriva anche l\u2019appuntamento del raduno di met\u00e0 campionato per gli arbitri a disposizione dell\u2019Organo Tecnico Sezionale.<\/p>\n\n\n\n<p class=\"wp-block-paragraph\">Questo raduno per la stagione sportiva 2024\/25 \u00e8 stato organizzato con una nuova formula, dividendo il raduno atletico da quello tecnico. Ci\u00f2 ha consentito a tutti gli arbitri di partecipare poich\u00e9, essendo stati programmati in settimana, nessuno di loro era impegnato nel dirigere gare.<\/p>\n\n\n\n<h4 class=\"wp-block-heading\">I test atletici<\/h4>\n\n\n\n<p class=\"wp-block-paragraph\">I test atletici, che hanno visto una grande partecipazione di arbitri, sono stati svolti il 22 gennaio presso il <a href=\"https:\/\/www.aiatorino.it\/aiatorino\/2024\/04\/12\/inaugurato-il-nuovo-polo-di-allenamento-sezionale\/\">Polo Atletico sezionale della Colletta<\/a> &#8211; all&#8217;interno del grande Parco della Confluenza dove si incontrano i fiumi Po, Dora e Stura &#8211; in una serata caratterizzata da una pioggia leggera ma continua.<\/p>\n\n\n\n<p class=\"wp-block-paragraph\">Sul terreno di gioco gli arbitri &#8211; sotto lo sguardo attento del <a href=\"https:\/\/www.aiatorino.it\/aiatorino\/i-presidenti\/\">Presidente<\/a> e degli Organi Tecnici &#8211; hanno svolto e superato brillantemente l\u2019SDS Test.<\/p>\n\n\n\n<figure class=\"wp-block-gallery has-nested-images columns-default is-cropped wp-block-gallery-1 is-layout-flex wp-block-gallery-is-layout-flex\">\n<figure class=\"wp-block-image size-large\"><a href=\"https:\/\/www.aia-figc.it\/\"><img loading=\"lazy\" decoding=\"async\" width=\"1024\" height=\"1024\" data-id=\"828\" src=\"https:\/\/www.aiatorino.it\/aiatorino\/wp-content\/uploads\/2025\/01\/474583953_1149281087200115_322592729398788180_n-1024x1024.jpg\" alt=\"\" class=\"wp-image-828\" srcset=\"https:\/\/www.aiatorino.it\/aiatorino\/wp-content\/uploads\/2025\/01\/474583953_1149281087200115_322592729398788180_n-1024x1024.jpg 1024w, https:\/\/www.aiatorino.it\/aiatorino\/wp-content\/uploads\/2025\/01\/474583953_1149281087200115_322592729398788180_n-300x300.jpg 300w, https:\/\/www.aiatorino.it\/aiatorino\/wp-content\/uploads\/2025\/01\/474583953_1149281087200115_322592729398788180_n-150x150.jpg 150w, https:\/\/www.aiatorino.it\/aiatorino\/wp-content\/uploads\/2025\/01\/474583953_1149281087200115_322592729398788180_n-768x768.jpg 768w, https:\/\/www.aiatorino.it\/aiatorino\/wp-content\/uploads\/2025\/01\/474583953_1149281087200115_322592729398788180_n.jpg 1080w\" sizes=\"auto, (max-width: 1024px) 100vw, 1024px\" \/><\/a><\/figure>\n\n\n\n<figure class=\"wp-block-image size-large\"><a href=\"https:\/\/www.aia-figc.it\/\"><img loading=\"lazy\" decoding=\"async\" width=\"1024\" height=\"1024\" data-id=\"827\" src=\"https:\/\/www.aiatorino.it\/aiatorino\/wp-content\/uploads\/2025\/01\/473728674_1149281080533449_5065597314386761586_n-1024x1024.jpg\" alt=\"\" class=\"wp-image-827\" srcset=\"https:\/\/www.aiatorino.it\/aiatorino\/wp-content\/uploads\/2025\/01\/473728674_1149281080533449_5065597314386761586_n-1024x1024.jpg 1024w, https:\/\/www.aiatorino.it\/aiatorino\/wp-content\/uploads\/2025\/01\/473728674_1149281080533449_5065597314386761586_n-300x300.jpg 300w, https:\/\/www.aiatorino.it\/aiatorino\/wp-content\/uploads\/2025\/01\/473728674_1149281080533449_5065597314386761586_n-150x150.jpg 150w, https:\/\/www.aiatorino.it\/aiatorino\/wp-content\/uploads\/2025\/01\/473728674_1149281080533449_5065597314386761586_n-768x768.jpg 768w, https:\/\/www.aiatorino.it\/aiatorino\/wp-content\/uploads\/2025\/01\/473728674_1149281080533449_5065597314386761586_n.jpg 1080w\" sizes=\"auto, (max-width: 1024px) 100vw, 1024px\" \/><\/a><\/figure>\n\n\n\n<figure class=\"wp-block-image size-large\"><a href=\"https:\/\/www.aia-figc.it\/\" target=\"_blank\"><img loading=\"lazy\" decoding=\"async\" width=\"1024\" height=\"1024\" data-id=\"826\" src=\"https:\/\/www.aiatorino.it\/aiatorino\/wp-content\/uploads\/2025\/01\/473618742_1149281053866785_6615771129326023721_n-1024x1024.jpg\" alt=\"\" class=\"wp-image-826\" srcset=\"https:\/\/www.aiatorino.it\/aiatorino\/wp-content\/uploads\/2025\/01\/473618742_1149281053866785_6615771129326023721_n-1024x1024.jpg 1024w, https:\/\/www.aiatorino.it\/aiatorino\/wp-content\/uploads\/2025\/01\/473618742_1149281053866785_6615771129326023721_n-300x300.jpg 300w, https:\/\/www.aiatorino.it\/aiatorino\/wp-content\/uploads\/2025\/01\/473618742_1149281053866785_6615771129326023721_n-150x150.jpg 150w, https:\/\/www.aiatorino.it\/aiatorino\/wp-content\/uploads\/2025\/01\/473618742_1149281053866785_6615771129326023721_n-768x768.jpg 768w, https:\/\/www.aiatorino.it\/aiatorino\/wp-content\/uploads\/2025\/01\/473618742_1149281053866785_6615771129326023721_n.jpg 1080w\" sizes=\"auto, (max-width: 1024px) 100vw, 1024px\" \/><\/a><\/figure>\n<\/figure>\n\n\n\n<p class=\"wp-block-paragraph\">Al raduno hanno partecipato anche gli arbitri neo-immessi che hanno superato l\u2019esame del Corso agli inizi del mese di Dicembre, ai quali il Vicepresidente Andrea Fusco ed il Responsabile del Corso Arbitri Juri Catapano hanno illustrato i vari posizionamenti statici e dinamici da assumere sul terreno di gioco e soprattutto in alcune parti di esso, ad esempio nei pressi dell\u2019area di rigore, per meglio valutare gli episodi in campo.<\/p>\n\n\n\n<figure class=\"wp-block-gallery has-nested-images columns-default is-cropped wp-block-gallery-2 is-layout-flex wp-block-gallery-is-layout-flex\">\n<figure class=\"wp-block-image size-large\"><img loading=\"lazy\" decoding=\"async\" width=\"1024\" height=\"591\" data-id=\"830\" src=\"https:\/\/www.aiatorino.it\/aiatorino\/wp-content\/uploads\/2025\/01\/gruppoconPresidente-1024x591.jpg\" alt=\"\" class=\"wp-image-830\" srcset=\"https:\/\/www.aiatorino.it\/aiatorino\/wp-content\/uploads\/2025\/01\/gruppoconPresidente-1024x591.jpg 1024w, https:\/\/www.aiatorino.it\/aiatorino\/wp-content\/uploads\/2025\/01\/gruppoconPresidente-300x173.jpg 300w, https:\/\/www.aiatorino.it\/aiatorino\/wp-content\/uploads\/2025\/01\/gruppoconPresidente-768x443.jpg 768w, https:\/\/www.aiatorino.it\/aiatorino\/wp-content\/uploads\/2025\/01\/gruppoconPresidente.jpg 1080w\" sizes=\"auto, (max-width: 1024px) 100vw, 1024px\" \/><\/figure>\n\n\n\n<figure class=\"wp-block-image size-large\"><img loading=\"lazy\" decoding=\"async\" width=\"1024\" height=\"607\" data-id=\"831\" src=\"https:\/\/www.aiatorino.it\/aiatorino\/wp-content\/uploads\/2025\/01\/Fotodigruppo-con-Presidente-1024x607.jpg\" alt=\"\" class=\"wp-image-831\" srcset=\"https:\/\/www.aiatorino.it\/aiatorino\/wp-content\/uploads\/2025\/01\/Fotodigruppo-con-Presidente-1024x607.jpg 1024w, https:\/\/www.aiatorino.it\/aiatorino\/wp-content\/uploads\/2025\/01\/Fotodigruppo-con-Presidente-300x178.jpg 300w, https:\/\/www.aiatorino.it\/aiatorino\/wp-content\/uploads\/2025\/01\/Fotodigruppo-con-Presidente-768x455.jpg 768w, https:\/\/www.aiatorino.it\/aiatorino\/wp-content\/uploads\/2025\/01\/Fotodigruppo-con-Presidente.jpg 1080w\" sizes=\"auto, (max-width: 1024px) 100vw, 1024px\" \/><\/figure>\n<\/figure>\n\n\n\n<p class=\"wp-block-paragraph\">L\u2019appuntamento \u00e8 stato sicuramente il momento per fare il punto dello stato fisico ed atletico dei giovani arbitri ma anche per testare il livello di preparazione regolamentare e per analizzare tecnicamente in aula, attraverso la visione di clip video tratte dalle gare dell\u2019OTS filmate dagli Organi Tecnici, la prima parte del campionato. L\u2019obiettivo era quello di permettere gli arbitri ad affrontare con maggiore determinazione la seconda parte della stagione sportiva.<\/p>\n\n\n\n<h4 class=\"wp-block-heading\">gli incontri tecnici in sezione<\/h4>\n\n\n\n<p class=\"wp-block-paragraph\">Il 27 ed il 30 gennaio si sono svolti inoltre &#8211; presso la sala riunioni \u201cE. Canfari\u201d &#8211; due incontri tecnici riservati rispettivamente agli arbitri che operano nelle categorie juniores, 2^ e 3^ ed a quelli appartenenti alle categorie giovanissimi ed allievi.<\/p>\n\n\n\n<figure class=\"wp-block-gallery has-nested-images columns-default is-cropped wp-block-gallery-3 is-layout-flex wp-block-gallery-is-layout-flex\">\n<figure class=\"wp-block-image size-large\"><img loading=\"lazy\" decoding=\"async\" width=\"1024\" height=\"1024\" data-id=\"877\" src=\"https:\/\/www.aiatorino.it\/aiatorino\/wp-content\/uploads\/2025\/02\/Presidenteinsala-1024x1024.jpeg\" alt=\"\" class=\"wp-image-877\" srcset=\"https:\/\/www.aiatorino.it\/aiatorino\/wp-content\/uploads\/2025\/02\/Presidenteinsala-1024x1024.jpeg 1024w, https:\/\/www.aiatorino.it\/aiatorino\/wp-content\/uploads\/2025\/02\/Presidenteinsala-300x300.jpeg 300w, https:\/\/www.aiatorino.it\/aiatorino\/wp-content\/uploads\/2025\/02\/Presidenteinsala-150x150.jpeg 150w, https:\/\/www.aiatorino.it\/aiatorino\/wp-content\/uploads\/2025\/02\/Presidenteinsala-768x768.jpeg 768w, https:\/\/www.aiatorino.it\/aiatorino\/wp-content\/uploads\/2025\/02\/Presidenteinsala.jpeg 1080w\" sizes=\"auto, (max-width: 1024px) 100vw, 1024px\" \/><\/figure>\n\n\n\n<figure class=\"wp-block-image size-large\"><img loading=\"lazy\" decoding=\"async\" width=\"1024\" height=\"1024\" data-id=\"879\" src=\"https:\/\/www.aiatorino.it\/aiatorino\/wp-content\/uploads\/2025\/02\/Pisanospiega-1024x1024.jpeg\" alt=\"\" class=\"wp-image-879\" srcset=\"https:\/\/www.aiatorino.it\/aiatorino\/wp-content\/uploads\/2025\/02\/Pisanospiega-1024x1024.jpeg 1024w, https:\/\/www.aiatorino.it\/aiatorino\/wp-content\/uploads\/2025\/02\/Pisanospiega-300x300.jpeg 300w, https:\/\/www.aiatorino.it\/aiatorino\/wp-content\/uploads\/2025\/02\/Pisanospiega-150x150.jpeg 150w, https:\/\/www.aiatorino.it\/aiatorino\/wp-content\/uploads\/2025\/02\/Pisanospiega-768x768.jpeg 768w, https:\/\/www.aiatorino.it\/aiatorino\/wp-content\/uploads\/2025\/02\/Pisanospiega.jpeg 1080w\" sizes=\"auto, (max-width: 1024px) 100vw, 1024px\" \/><\/figure>\n\n\n\n<figure class=\"wp-block-image size-large\"><img loading=\"lazy\" decoding=\"async\" width=\"1024\" height=\"1024\" data-id=\"880\" src=\"https:\/\/www.aiatorino.it\/aiatorino\/wp-content\/uploads\/2025\/02\/PresidenteePisano-1024x1024.jpeg\" alt=\"\" class=\"wp-image-880\" srcset=\"https:\/\/www.aiatorino.it\/aiatorino\/wp-content\/uploads\/2025\/02\/PresidenteePisano-1024x1024.jpeg 1024w, https:\/\/www.aiatorino.it\/aiatorino\/wp-content\/uploads\/2025\/02\/PresidenteePisano-300x300.jpeg 300w, https:\/\/www.aiatorino.it\/aiatorino\/wp-content\/uploads\/2025\/02\/PresidenteePisano-150x150.jpeg 150w, https:\/\/www.aiatorino.it\/aiatorino\/wp-content\/uploads\/2025\/02\/PresidenteePisano-768x768.jpeg 768w, https:\/\/www.aiatorino.it\/aiatorino\/wp-content\/uploads\/2025\/02\/PresidenteePisano.jpeg 1080w\" sizes=\"auto, (max-width: 1024px) 100vw, 1024px\" \/><\/figure>\n<\/figure>\n\n\n\n<p class=\"wp-block-paragraph\">Il prezioso lavoro degli Organi tecnici ha permesso di alzare ulteriormente l\u2019asticella della preparazione dei nostri giovani arbitri chiamati a scendere in campo in questa ultima parte di campionato che sar\u00e0 al tempo stesso impegnativa ed emozionante per tutti loro.<\/p>\n\n\n\n<p class=\"wp-block-paragraph\"><em>La Redazione<\/em><\/p>\n","protected":false},"excerpt":{"rendered":"<p>Dopo la pausa legata alle festivit\u00e0 natalizie, alla ripresa dei campionati che entrano nel vivo e si avviano alle fasi finali, la Sezione di Torino in campo per il raduno di met\u00e0 stagione con gli arbitri OTS. Con la ripresa delle attivit\u00e0 agonistica arriva anche l\u2019appuntamento del raduno di met\u00e0 campionato per gli arbitri a [&hellip;]<\/p>\n","protected":false},"author":5,"featured_media":885,"comment_status":"closed","ping_status":"closed","sticky":false,"template":"","format":"standard","meta":{"pagelayer_contact_templates":[],"_pagelayer_content":"","footnotes":""},"categories":[1],"tags":[],"class_list":["post-823","post","type-post","status-publish","format-standard","has-post-thumbnail","hentry","category-uncategorized"],"yoast_head":"<!-- This site is optimized with the Yoast SEO plugin v28.4 - https:\/\/yoast.com\/product\/yoast-seo-wordpress\/ -->\n<title>la Sezione di Torino in campo per il raduno di met\u00e0 stagione - AIA Torino<\/title>\n<meta name=\"description\" content=\"La Sezione di Torino in campo per il raduno di met\u00e0 stagione con gli arbitri in attivit\u00e0 ed in forza all&#039;Organo Tecnico Sezionale\" \/>\n<meta name=\"robots\" content=\"index, follow, max-snippet:-1, max-image-preview:large, max-video-preview:-1\" \/>\n<link rel=\"canonical\" href=\"https:\/\/www.aiatorino.it\/aiatorino\/home\/2025\/02\/04\/raduno-di-meta-campionato-per-gli-arbitri-ots\/\" \/>\n<meta property=\"og:locale\" content=\"it_IT\" \/>\n<meta property=\"og:type\" content=\"article\" \/>\n<meta property=\"og:title\" content=\"la Sezione di Torino in campo per il raduno di met\u00e0 stagione\" \/>\n<meta property=\"og:description\" content=\"La Sezione di Torino in campo per il raduno di met\u00e0 stagione con gli arbitri in attivit\u00e0 ed in forza all&#039;Organo Tecnico Sezionale\" \/>\n<meta property=\"og:url\" content=\"https:\/\/www.aiatorino.it\/aiatorino\/home\/2025\/02\/04\/raduno-di-meta-campionato-per-gli-arbitri-ots\/\" \/>\n<meta property=\"og:site_name\" content=\"AIA Torino\" \/>\n<meta property=\"article:publisher\" content=\"https:\/\/www.facebook.com\/aiatorino\" \/>\n<meta property=\"article:published_time\" content=\"2025-02-04T20:32:53+00:00\" \/>\n<meta property=\"article:modified_time\" content=\"2025-02-04T21:23:06+00:00\" \/>\n<meta property=\"og:image\" content=\"https:\/\/www.aiatorino.it\/aiatorino\/wp-content\/uploads\/2025\/02\/lasalaconAE-OTS.jpg\" \/>\n\t<meta property=\"og:image:width\" content=\"1080\" \/>\n\t<meta property=\"og:image:height\" content=\"895\" \/>\n\t<meta property=\"og:image:type\" content=\"image\/jpeg\" \/>\n<meta name=\"author\" content=\"Riccardo Trionfante\" \/>\n<meta name=\"twitter:card\" content=\"summary_large_image\" \/>\n<meta name=\"twitter:label1\" content=\"Scritto da\" \/>\n\t<meta name=\"twitter:data1\" content=\"Riccardo Trionfante\" \/>\n\t<meta name=\"twitter:label2\" content=\"Tempo di lettura stimato\" \/>\n\t<meta name=\"twitter:data2\" content=\"4 minuti\" \/>\n<script type=\"application\/ld+json\" class=\"yoast-schema-graph\">{\"@context\":\"https:\\\/\\\/schema.org\",\"@graph\":[{\"@type\":\"Article\",\"@id\":\"https:\\\/\\\/www.aiatorino.it\\\/aiatorino\\\/home\\\/2025\\\/02\\\/04\\\/raduno-di-meta-campionato-per-gli-arbitri-ots\\\/#article\",\"isPartOf\":{\"@id\":\"https:\\\/\\\/www.aiatorino.it\\\/aiatorino\\\/home\\\/2025\\\/02\\\/04\\\/raduno-di-meta-campionato-per-gli-arbitri-ots\\\/\"},\"author\":{\"name\":\"Riccardo Trionfante\",\"@id\":\"https:\\\/\\\/www.aiatorino.it\\\/aiatorino\\\/home\\\/#\\\/schema\\\/person\\\/2097bcc91c89bd1c92fd717f95d25c74\"},\"headline\":\"la Sezione di Torino in campo per il raduno di met\u00e0 stagione\",\"datePublished\":\"2025-02-04T20:32:53+00:00\",\"dateModified\":\"2025-02-04T21:23:06+00:00\",\"mainEntityOfPage\":{\"@id\":\"https:\\\/\\\/www.aiatorino.it\\\/aiatorino\\\/home\\\/2025\\\/02\\\/04\\\/raduno-di-meta-campionato-per-gli-arbitri-ots\\\/\"},\"wordCount\":424,\"publisher\":{\"@id\":\"https:\\\/\\\/www.aiatorino.it\\\/aiatorino\\\/home\\\/#organization\"},\"image\":{\"@id\":\"https:\\\/\\\/www.aiatorino.it\\\/aiatorino\\\/home\\\/2025\\\/02\\\/04\\\/raduno-di-meta-campionato-per-gli-arbitri-ots\\\/#primaryimage\"},\"thumbnailUrl\":\"https:\\\/\\\/www.aiatorino.it\\\/aiatorino\\\/wp-content\\\/uploads\\\/2025\\\/02\\\/lasalaconAE-OTS.jpg\",\"articleSection\":[\"Uncategorized\"],\"inLanguage\":\"it-IT\"},{\"@type\":\"WebPage\",\"@id\":\"https:\\\/\\\/www.aiatorino.it\\\/aiatorino\\\/home\\\/2025\\\/02\\\/04\\\/raduno-di-meta-campionato-per-gli-arbitri-ots\\\/\",\"url\":\"https:\\\/\\\/www.aiatorino.it\\\/aiatorino\\\/home\\\/2025\\\/02\\\/04\\\/raduno-di-meta-campionato-per-gli-arbitri-ots\\\/\",\"name\":\"la Sezione di Torino in campo per il raduno di met\u00e0 stagione - AIA Torino\",\"isPartOf\":{\"@id\":\"https:\\\/\\\/www.aiatorino.it\\\/aiatorino\\\/home\\\/#website\"},\"primaryImageOfPage\":{\"@id\":\"https:\\\/\\\/www.aiatorino.it\\\/aiatorino\\\/home\\\/2025\\\/02\\\/04\\\/raduno-di-meta-campionato-per-gli-arbitri-ots\\\/#primaryimage\"},\"image\":{\"@id\":\"https:\\\/\\\/www.aiatorino.it\\\/aiatorino\\\/home\\\/2025\\\/02\\\/04\\\/raduno-di-meta-campionato-per-gli-arbitri-ots\\\/#primaryimage\"},\"thumbnailUrl\":\"https:\\\/\\\/www.aiatorino.it\\\/aiatorino\\\/wp-content\\\/uploads\\\/2025\\\/02\\\/lasalaconAE-OTS.jpg\",\"datePublished\":\"2025-02-04T20:32:53+00:00\",\"dateModified\":\"2025-02-04T21:23:06+00:00\",\"description\":\"La Sezione di Torino in campo per il raduno di met\u00e0 stagione con gli arbitri in attivit\u00e0 ed in forza all'Organo Tecnico Sezionale\",\"breadcrumb\":{\"@id\":\"https:\\\/\\\/www.aiatorino.it\\\/aiatorino\\\/home\\\/2025\\\/02\\\/04\\\/raduno-di-meta-campionato-per-gli-arbitri-ots\\\/#breadcrumb\"},\"inLanguage\":\"it-IT\",\"potentialAction\":[{\"@type\":\"ReadAction\",\"target\":[\"https:\\\/\\\/www.aiatorino.it\\\/aiatorino\\\/home\\\/2025\\\/02\\\/04\\\/raduno-di-meta-campionato-per-gli-arbitri-ots\\\/\"]}]},{\"@type\":\"ImageObject\",\"inLanguage\":\"it-IT\",\"@id\":\"https:\\\/\\\/www.aiatorino.it\\\/aiatorino\\\/home\\\/2025\\\/02\\\/04\\\/raduno-di-meta-campionato-per-gli-arbitri-ots\\\/#primaryimage\",\"url\":\"https:\\\/\\\/www.aiatorino.it\\\/aiatorino\\\/wp-content\\\/uploads\\\/2025\\\/02\\\/lasalaconAE-OTS.jpg\",\"contentUrl\":\"https:\\\/\\\/www.aiatorino.it\\\/aiatorino\\\/wp-content\\\/uploads\\\/2025\\\/02\\\/lasalaconAE-OTS.jpg\",\"width\":1080,\"height\":895},{\"@type\":\"BreadcrumbList\",\"@id\":\"https:\\\/\\\/www.aiatorino.it\\\/aiatorino\\\/home\\\/2025\\\/02\\\/04\\\/raduno-di-meta-campionato-per-gli-arbitri-ots\\\/#breadcrumb\",\"itemListElement\":[{\"@type\":\"ListItem\",\"position\":1,\"name\":\"Home\",\"item\":\"https:\\\/\\\/www.aiatorino.it\\\/aiatorino\\\/home\\\/\"},{\"@type\":\"ListItem\",\"position\":2,\"name\":\"la Sezione di Torino in campo per il raduno di met\u00e0 stagione\"}]},{\"@type\":\"WebSite\",\"@id\":\"https:\\\/\\\/www.aiatorino.it\\\/aiatorino\\\/home\\\/#website\",\"url\":\"https:\\\/\\\/www.aiatorino.it\\\/aiatorino\\\/home\\\/\",\"name\":\"AIA Torino\",\"description\":\"Sezione Luca Colosimo\",\"publisher\":{\"@id\":\"https:\\\/\\\/www.aiatorino.it\\\/aiatorino\\\/home\\\/#organization\"},\"potentialAction\":[{\"@type\":\"SearchAction\",\"target\":{\"@type\":\"EntryPoint\",\"urlTemplate\":\"https:\\\/\\\/www.aiatorino.it\\\/aiatorino\\\/home\\\/?s={search_term_string}\"},\"query-input\":{\"@type\":\"PropertyValueSpecification\",\"valueRequired\":true,\"valueName\":\"search_term_string\"}}],\"inLanguage\":\"it-IT\"},{\"@type\":\"Organization\",\"@id\":\"https:\\\/\\\/www.aiatorino.it\\\/aiatorino\\\/home\\\/#organization\",\"name\":\"AIA Torino\",\"url\":\"https:\\\/\\\/www.aiatorino.it\\\/aiatorino\\\/home\\\/\",\"logo\":{\"@type\":\"ImageObject\",\"inLanguage\":\"it-IT\",\"@id\":\"https:\\\/\\\/www.aiatorino.it\\\/aiatorino\\\/home\\\/#\\\/schema\\\/logo\\\/image\\\/\",\"url\":\"https:\\\/\\\/www.aiatorino.it\\\/aiatorino\\\/wp-content\\\/uploads\\\/2025\\\/09\\\/logo-web.png\",\"contentUrl\":\"https:\\\/\\\/www.aiatorino.it\\\/aiatorino\\\/wp-content\\\/uploads\\\/2025\\\/09\\\/logo-web.png\",\"width\":512,\"height\":512,\"caption\":\"AIA Torino\"},\"image\":{\"@id\":\"https:\\\/\\\/www.aiatorino.it\\\/aiatorino\\\/home\\\/#\\\/schema\\\/logo\\\/image\\\/\"},\"sameAs\":[\"https:\\\/\\\/www.facebook.com\\\/aiatorino\",\"https:\\\/\\\/www.instagram.com\\\/aiatorino\\\/\"]},{\"@type\":\"Person\",\"@id\":\"https:\\\/\\\/www.aiatorino.it\\\/aiatorino\\\/home\\\/#\\\/schema\\\/person\\\/2097bcc91c89bd1c92fd717f95d25c74\",\"name\":\"Riccardo Trionfante\",\"image\":{\"@type\":\"ImageObject\",\"inLanguage\":\"it-IT\",\"@id\":\"https:\\\/\\\/secure.gravatar.com\\\/avatar\\\/36c4465ae94737356530c10777cbf9d5d72aa84deb8f62b51c8f23bf4cd2b242?s=96&d=mm&r=g\",\"url\":\"https:\\\/\\\/secure.gravatar.com\\\/avatar\\\/36c4465ae94737356530c10777cbf9d5d72aa84deb8f62b51c8f23bf4cd2b242?s=96&d=mm&r=g\",\"contentUrl\":\"https:\\\/\\\/secure.gravatar.com\\\/avatar\\\/36c4465ae94737356530c10777cbf9d5d72aa84deb8f62b51c8f23bf4cd2b242?s=96&d=mm&r=g\",\"caption\":\"Riccardo Trionfante\"},\"url\":\"https:\\\/\\\/www.aiatorino.it\\\/aiatorino\\\/home\\\/author\\\/riccardo_admin\\\/\"}]}<\/script>\n<!-- \/ Yoast SEO plugin. -->","yoast_head_json":{"title":"la Sezione di Torino in campo per il raduno di met\u00e0 stagione - AIA Torino","description":"La Sezione di Torino in campo per il raduno di met\u00e0 stagione con gli arbitri in attivit\u00e0 ed in forza all'Organo Tecnico Sezionale","robots":{"index":"index","follow":"follow","max-snippet":"max-snippet:-1","max-image-preview":"max-image-preview:large","max-video-preview":"max-video-preview:-1"},"canonical":"https:\/\/www.aiatorino.it\/aiatorino\/home\/2025\/02\/04\/raduno-di-meta-campionato-per-gli-arbitri-ots\/","og_locale":"it_IT","og_type":"article","og_title":"la Sezione di Torino in campo per il raduno di met\u00e0 stagione","og_description":"La Sezione di Torino in campo per il raduno di met\u00e0 stagione con gli arbitri in attivit\u00e0 ed in forza all'Organo Tecnico Sezionale","og_url":"https:\/\/www.aiatorino.it\/aiatorino\/home\/2025\/02\/04\/raduno-di-meta-campionato-per-gli-arbitri-ots\/","og_site_name":"AIA Torino","article_publisher":"https:\/\/www.facebook.com\/aiatorino","article_published_time":"2025-02-04T20:32:53+00:00","article_modified_time":"2025-02-04T21:23:06+00:00","og_image":[{"width":1080,"height":895,"url":"https:\/\/www.aiatorino.it\/aiatorino\/wp-content\/uploads\/2025\/02\/lasalaconAE-OTS.jpg","type":"image\/jpeg"}],"author":"Riccardo Trionfante","twitter_card":"summary_large_image","twitter_misc":{"Scritto da":"Riccardo Trionfante","Tempo di lettura stimato":"4 minuti"},"schema":{"@context":"https:\/\/schema.org","@graph":[{"@type":"Article","@id":"https:\/\/www.aiatorino.it\/aiatorino\/home\/2025\/02\/04\/raduno-di-meta-campionato-per-gli-arbitri-ots\/#article","isPartOf":{"@id":"https:\/\/www.aiatorino.it\/aiatorino\/home\/2025\/02\/04\/raduno-di-meta-campionato-per-gli-arbitri-ots\/"},"author":{"name":"Riccardo Trionfante","@id":"https:\/\/www.aiatorino.it\/aiatorino\/home\/#\/schema\/person\/2097bcc91c89bd1c92fd717f95d25c74"},"headline":"la Sezione di Torino in campo per il raduno di met\u00e0 stagione","datePublished":"2025-02-04T20:32:53+00:00","dateModified":"2025-02-04T21:23:06+00:00","mainEntityOfPage":{"@id":"https:\/\/www.aiatorino.it\/aiatorino\/home\/2025\/02\/04\/raduno-di-meta-campionato-per-gli-arbitri-ots\/"},"wordCount":424,"publisher":{"@id":"https:\/\/www.aiatorino.it\/aiatorino\/home\/#organization"},"image":{"@id":"https:\/\/www.aiatorino.it\/aiatorino\/home\/2025\/02\/04\/raduno-di-meta-campionato-per-gli-arbitri-ots\/#primaryimage"},"thumbnailUrl":"https:\/\/www.aiatorino.it\/aiatorino\/wp-content\/uploads\/2025\/02\/lasalaconAE-OTS.jpg","articleSection":["Uncategorized"],"inLanguage":"it-IT"},{"@type":"WebPage","@id":"https:\/\/www.aiatorino.it\/aiatorino\/home\/2025\/02\/04\/raduno-di-meta-campionato-per-gli-arbitri-ots\/","url":"https:\/\/www.aiatorino.it\/aiatorino\/home\/2025\/02\/04\/raduno-di-meta-campionato-per-gli-arbitri-ots\/","name":"la Sezione di Torino in campo per il raduno di met\u00e0 stagione - AIA Torino","isPartOf":{"@id":"https:\/\/www.aiatorino.it\/aiatorino\/home\/#website"},"primaryImageOfPage":{"@id":"https:\/\/www.aiatorino.it\/aiatorino\/home\/2025\/02\/04\/raduno-di-meta-campionato-per-gli-arbitri-ots\/#primaryimage"},"image":{"@id":"https:\/\/www.aiatorino.it\/aiatorino\/home\/2025\/02\/04\/raduno-di-meta-campionato-per-gli-arbitri-ots\/#primaryimage"},"thumbnailUrl":"https:\/\/www.aiatorino.it\/aiatorino\/wp-content\/uploads\/2025\/02\/lasalaconAE-OTS.jpg","datePublished":"2025-02-04T20:32:53+00:00","dateModified":"2025-02-04T21:23:06+00:00","description":"La Sezione di Torino in campo per il raduno di met\u00e0 stagione con gli arbitri in attivit\u00e0 ed in forza all'Organo Tecnico Sezionale","breadcrumb":{"@id":"https:\/\/www.aiatorino.it\/aiatorino\/home\/2025\/02\/04\/raduno-di-meta-campionato-per-gli-arbitri-ots\/#breadcrumb"},"inLanguage":"it-IT","potentialAction":[{"@type":"ReadAction","target":["https:\/\/www.aiatorino.it\/aiatorino\/home\/2025\/02\/04\/raduno-di-meta-campionato-per-gli-arbitri-ots\/"]}]},{"@type":"ImageObject","inLanguage":"it-IT","@id":"https:\/\/www.aiatorino.it\/aiatorino\/home\/2025\/02\/04\/raduno-di-meta-campionato-per-gli-arbitri-ots\/#primaryimage","url":"https:\/\/www.aiatorino.it\/aiatorino\/wp-content\/uploads\/2025\/02\/lasalaconAE-OTS.jpg","contentUrl":"https:\/\/www.aiatorino.it\/aiatorino\/wp-content\/uploads\/2025\/02\/lasalaconAE-OTS.jpg","width":1080,"height":895},{"@type":"BreadcrumbList","@id":"https:\/\/www.aiatorino.it\/aiatorino\/home\/2025\/02\/04\/raduno-di-meta-campionato-per-gli-arbitri-ots\/#breadcrumb","itemListElement":[{"@type":"ListItem","position":1,"name":"Home","item":"https:\/\/www.aiatorino.it\/aiatorino\/home\/"},{"@type":"ListItem","position":2,"name":"la Sezione di Torino in campo per il raduno di met\u00e0 stagione"}]},{"@type":"WebSite","@id":"https:\/\/www.aiatorino.it\/aiatorino\/home\/#website","url":"https:\/\/www.aiatorino.it\/aiatorino\/home\/","name":"AIA Torino","description":"Sezione Luca Colosimo","publisher":{"@id":"https:\/\/www.aiatorino.it\/aiatorino\/home\/#organization"},"potentialAction":[{"@type":"SearchAction","target":{"@type":"EntryPoint","urlTemplate":"https:\/\/www.aiatorino.it\/aiatorino\/home\/?s={search_term_string}"},"query-input":{"@type":"PropertyValueSpecification","valueRequired":true,"valueName":"search_term_string"}}],"inLanguage":"it-IT"},{"@type":"Organization","@id":"https:\/\/www.aiatorino.it\/aiatorino\/home\/#organization","name":"AIA Torino","url":"https:\/\/www.aiatorino.it\/aiatorino\/home\/","logo":{"@type":"ImageObject","inLanguage":"it-IT","@id":"https:\/\/www.aiatorino.it\/aiatorino\/home\/#\/schema\/logo\/image\/","url":"https:\/\/www.aiatorino.it\/aiatorino\/wp-content\/uploads\/2025\/09\/logo-web.png","contentUrl":"https:\/\/www.aiatorino.it\/aiatorino\/wp-content\/uploads\/2025\/09\/logo-web.png","width":512,"height":512,"caption":"AIA Torino"},"image":{"@id":"https:\/\/www.aiatorino.it\/aiatorino\/home\/#\/schema\/logo\/image\/"},"sameAs":["https:\/\/www.facebook.com\/aiatorino","https:\/\/www.instagram.com\/aiatorino\/"]},{"@type":"Person","@id":"https:\/\/www.aiatorino.it\/aiatorino\/home\/#\/schema\/person\/2097bcc91c89bd1c92fd717f95d25c74","name":"Riccardo Trionfante","image":{"@type":"ImageObject","inLanguage":"it-IT","@id":"https:\/\/secure.gravatar.com\/avatar\/36c4465ae94737356530c10777cbf9d5d72aa84deb8f62b51c8f23bf4cd2b242?s=96&d=mm&r=g","url":"https:\/\/secure.gravatar.com\/avatar\/36c4465ae94737356530c10777cbf9d5d72aa84deb8f62b51c8f23bf4cd2b242?s=96&d=mm&r=g","contentUrl":"https:\/\/secure.gravatar.com\/avatar\/36c4465ae94737356530c10777cbf9d5d72aa84deb8f62b51c8f23bf4cd2b242?s=96&d=mm&r=g","caption":"Riccardo Trionfante"},"url":"https:\/\/www.aiatorino.it\/aiatorino\/home\/author\/riccardo_admin\/"}]}},"_links":{"self":[{"href":"https:\/\/www.aiatorino.it\/aiatorino\/home\/wp-json\/wp\/v2\/posts\/823","targetHints":{"allow":["GET"]}}],"collection":[{"href":"https:\/\/www.aiatorino.it\/aiatorino\/home\/wp-json\/wp\/v2\/posts"}],"about":[{"href":"https:\/\/www.aiatorino.it\/aiatorino\/home\/wp-json\/wp\/v2\/types\/post"}],"author":[{"embeddable":true,"href":"https:\/\/www.aiatorino.it\/aiatorino\/home\/wp-json\/wp\/v2\/users\/5"}],"replies":[{"embeddable":true,"href":"https:\/\/www.aiatorino.it\/aiatorino\/home\/wp-json\/wp\/v2\/comments?post=823"}],"version-history":[{"count":14,"href":"https:\/\/www.aiatorino.it\/aiatorino\/home\/wp-json\/wp\/v2\/posts\/823\/revisions"}],"predecessor-version":[{"id":890,"href":"https:\/\/www.aiatorino.it\/aiatorino\/home\/wp-json\/wp\/v2\/posts\/823\/revisions\/890"}],"wp:featuredmedia":[{"embeddable":true,"href":"https:\/\/www.aiatorino.it\/aiatorino\/home\/wp-json\/wp\/v2\/media\/885"}],"wp:attachment":[{"href":"https:\/\/www.aiatorino.it\/aiatorino\/home\/wp-json\/wp\/v2\/media?parent=823"}],"wp:term":[{"taxonomy":"category","embeddable":true,"href":"https:\/\/www.aiatorino.it\/aiatorino\/home\/wp-json\/wp\/v2\/categories?post=823"},{"taxonomy":"post_tag","embeddable":true,"href":"https:\/\/www.aiatorino.it\/aiatorino\/home\/wp-json\/wp\/v2\/tags?post=823"}],"curies":[{"name":"wp","href":"https:\/\/api.w.org\/{rel}","templated":true}]}}