{"id":896,"date":"2025-03-11T21:46:33","date_gmt":"2025-03-11T21:46:33","guid":{"rendered":"https:\/\/www.aiatorino.it\/aiatorino\/?p=896"},"modified":"2025-03-23T06:38:32","modified_gmt":"2025-03-23T06:38:32","slug":"a-dieci-anni-dal-sogno-di-luca-colosimo","status":"publish","type":"post","link":"https:\/\/www.aiatorino.it\/aiatorino\/home\/2025\/03\/11\/a-dieci-anni-dal-sogno-di-luca-colosimo\/","title":{"rendered":"A dieci anni dal sogno di Luca Colosimo"},"content":{"rendered":"\n<p class=\"wp-block-paragraph\">A dieci anni dalla scomparsa di Luca Colosimo, avvenuta in un tragico incidente stradale mentre rientrava da una gara di Serie C a Ferrara, la Sezione di Torino continua a far vivere il suo sogno di arbitrare un giorno in Serie A e il suo ricordo, trasmettendolo a chi Luca non lo ha potuto conoscere.<\/p>\n\n\n\n<p class=\"wp-block-paragraph\">Il 9 marzo 2025 gli arbitri, ex-associati della Sezione di Torino, amici e parenti di Luca Colosimo hanno partecipato alla prima delle iniziative in ricordo del decennale della sua scomparsa. Nel corso della giornata si \u00e8 svolta, infatti, la messa in suffragio nella chiesa di Sant\u2019Alfonso a Torino, la parrocchia di Luca, e nel quale lui era impegnato nell\u2019attivit\u00e0 dell\u2019oratorio con i ragazzi pi\u00f9 giovani.<\/p>\n\n\n\n<figure class=\"wp-block-gallery has-nested-images columns-default is-cropped wp-block-gallery-1 is-layout-flex wp-block-gallery-is-layout-flex\">\n<figure class=\"wp-block-image size-large\"><img loading=\"lazy\" decoding=\"async\" width=\"1024\" height=\"1024\" data-id=\"901\" src=\"https:\/\/www.aiatorino.it\/aiatorino\/wp-content\/uploads\/2025\/03\/luca2-diecianni09032025-1-1024x1024.jpeg\" alt=\"\" class=\"wp-image-901\" srcset=\"https:\/\/www.aiatorino.it\/aiatorino\/wp-content\/uploads\/2025\/03\/luca2-diecianni09032025-1-1024x1024.jpeg 1024w, https:\/\/www.aiatorino.it\/aiatorino\/wp-content\/uploads\/2025\/03\/luca2-diecianni09032025-1-300x300.jpeg 300w, https:\/\/www.aiatorino.it\/aiatorino\/wp-content\/uploads\/2025\/03\/luca2-diecianni09032025-1-150x150.jpeg 150w, https:\/\/www.aiatorino.it\/aiatorino\/wp-content\/uploads\/2025\/03\/luca2-diecianni09032025-1-768x768.jpeg 768w, https:\/\/www.aiatorino.it\/aiatorino\/wp-content\/uploads\/2025\/03\/luca2-diecianni09032025-1.jpeg 1080w\" sizes=\"auto, (max-width: 1024px) 100vw, 1024px\" \/><\/figure>\n\n\n\n<figure class=\"wp-block-image size-large\"><img loading=\"lazy\" decoding=\"async\" width=\"1024\" height=\"1024\" data-id=\"900\" src=\"https:\/\/www.aiatorino.it\/aiatorino\/wp-content\/uploads\/2025\/03\/luca1-diecianni09032025-1024x1024.jpeg\" alt=\"\" class=\"wp-image-900\" srcset=\"https:\/\/www.aiatorino.it\/aiatorino\/wp-content\/uploads\/2025\/03\/luca1-diecianni09032025-1024x1024.jpeg 1024w, https:\/\/www.aiatorino.it\/aiatorino\/wp-content\/uploads\/2025\/03\/luca1-diecianni09032025-300x300.jpeg 300w, https:\/\/www.aiatorino.it\/aiatorino\/wp-content\/uploads\/2025\/03\/luca1-diecianni09032025-150x150.jpeg 150w, https:\/\/www.aiatorino.it\/aiatorino\/wp-content\/uploads\/2025\/03\/luca1-diecianni09032025-768x768.jpeg 768w, https:\/\/www.aiatorino.it\/aiatorino\/wp-content\/uploads\/2025\/03\/luca1-diecianni09032025.jpeg 1080w\" sizes=\"auto, (max-width: 1024px) 100vw, 1024px\" \/><\/figure>\n<\/figure>\n\n\n\n<p class=\"wp-block-paragraph\">E sono tanti anche i ragazzi della Sezione che hanno partecipato alla celebrazione pur non avendolo conosciuto di persona, ma che lo hanno sempre vissuto nei racconti degli associati pi\u00f9 anziani e dei tanti arbitri che hanno condiviso con lui un pezzo di strada all\u2019interno dell\u2019associazione. \u00c8 la foto di Luca quella che i ragazzi e le ragazze del corso incontrano in Sezione quando iniziano a frequentare il corso arbitri ed \u00e8 il suo nome e la sua storia che sentono raccontare in occasione del premio annuale a lui dedicato che premia il miglior arbitro non ancora internazionale in forza alla CAN.<\/p>\n\n\n\n<p class=\"wp-block-paragraph\">\u201c<em>Nel 2015 avevo dieci anni &#8211; racconta uno dei giovani arbitri torinesi &#8211; In quel periodo sognavo di fare il calciatore. Oggi inseguo anche io il sogno di Luca perch\u00e9 ci ha dimostrato che tutto pu\u00f2 essere raggiunto con impegno, sacrificio, allenamento, studio e voglia di arrivare<\/em>\u201d.<\/p>\n\n\n\n<figure class=\"wp-block-image size-large\"><img loading=\"lazy\" decoding=\"async\" width=\"1024\" height=\"866\" src=\"https:\/\/www.aiatorino.it\/aiatorino\/wp-content\/uploads\/2025\/03\/002-AENotario-1024x866.jpg\" alt=\"\" class=\"wp-image-929\" srcset=\"https:\/\/www.aiatorino.it\/aiatorino\/wp-content\/uploads\/2025\/03\/002-AENotario-1024x866.jpg 1024w, https:\/\/www.aiatorino.it\/aiatorino\/wp-content\/uploads\/2025\/03\/002-AENotario-300x254.jpg 300w, https:\/\/www.aiatorino.it\/aiatorino\/wp-content\/uploads\/2025\/03\/002-AENotario-768x650.jpg 768w, https:\/\/www.aiatorino.it\/aiatorino\/wp-content\/uploads\/2025\/03\/002-AENotario-1536x1299.jpg 1536w, https:\/\/www.aiatorino.it\/aiatorino\/wp-content\/uploads\/2025\/03\/002-AENotario-2048x1732.jpg 2048w\" sizes=\"auto, (max-width: 1024px) 100vw, 1024px\" \/><\/figure>\n\n\n\n<p class=\"wp-block-paragraph\">Un messaggio, dei valori che si tramandano di anno in anno all\u2019interno della nostra Sezione, che ogni stagione diventa la nuova casa per tanti che decidono di intraprendere la carriera arbitrale.<\/p>\n\n\n\n<h4 class=\"wp-block-heading\">Nella chiesa di Sant\u2019Alfonso<\/h4>\n\n\n\n<p class=\"wp-block-paragraph\">Il parroco Don Stefano si lascia prendere dalla commozione nel vedere tante persone alla liturgia domenicale tutte per ricordare Luca: &#8220;<em>Un giovane che faceva del bene: grazie Luca per i sorrisi che hai seminato tutte le volte che incontravi i ragazzi dell&#8217;oratorio. Io non l\u2019ho conosciuto, ma me ne hanno parlato come una sorta di Santit\u00e0 locale a cui tutti erano molto legat<\/em>i\u201d.<\/p>\n\n\n\n<p class=\"wp-block-paragraph\">Al termine della messa ci si \u00e8 spostati nel cortile dell\u2019oratorio dove \u00e8 presente una targa in memoria di Luca e nel quale la Sezione ha aiutato a realizzare un campetto da calcio in ricordo del nostro giovane associato.<\/p>\n\n\n\n<figure class=\"wp-block-image size-large\"><img loading=\"lazy\" decoding=\"async\" width=\"1024\" height=\"385\" src=\"https:\/\/www.aiatorino.it\/aiatorino\/wp-content\/uploads\/2025\/03\/001-fotodigruppo09032025Santalfonso-1-1024x385.jpg\" alt=\"\" class=\"wp-image-913\" srcset=\"https:\/\/www.aiatorino.it\/aiatorino\/wp-content\/uploads\/2025\/03\/001-fotodigruppo09032025Santalfonso-1-1024x385.jpg 1024w, https:\/\/www.aiatorino.it\/aiatorino\/wp-content\/uploads\/2025\/03\/001-fotodigruppo09032025Santalfonso-1-300x113.jpg 300w, https:\/\/www.aiatorino.it\/aiatorino\/wp-content\/uploads\/2025\/03\/001-fotodigruppo09032025Santalfonso-1-768x289.jpg 768w, https:\/\/www.aiatorino.it\/aiatorino\/wp-content\/uploads\/2025\/03\/001-fotodigruppo09032025Santalfonso-1-1536x578.jpg 1536w, https:\/\/www.aiatorino.it\/aiatorino\/wp-content\/uploads\/2025\/03\/001-fotodigruppo09032025Santalfonso-1-2048x770.jpg 2048w\" sizes=\"auto, (max-width: 1024px) 100vw, 1024px\" \/><\/figure>\n\n\n\n<p class=\"wp-block-paragraph\">\u00c8 il Presidente di Sezione Walter Virgilio ad aprire la cerimonia, davanti alla commozione dei presenti, presentando alcune delle iniziative per il decennale della scomparsa di Luca che culmineranno con il Premio Nazionale Luca Colosimo ed altri eventi di carattere associativo che coinvolgeranno le altre Sezioni piemontesi, unite in quel sogno che ha saputo resistere al tempo e che dopo dieci anni continua a correre e a vivere negli occhi e nei cuori degli associati torinesi. Associati, pi\u00f9 e meno giovani, dal ragazzino da poco arbitro che ha appena superato i 14 anni, agli arbitri e dirigenti benemeriti che non hanno voluto mancare alla celebrazione.<\/p>\n\n\n\n<h4 class=\"wp-block-heading\">Nella piazza Luca Colosimo<\/h4>\n\n\n\n<p class=\"wp-block-paragraph\">Poi la cerimonia si \u00e8 spostata a Villaretto, quartiere nella zona nord della citt\u00e0 di Torino, dove ad attenderli c&#8217;erano le Autorit\u00e0 Cittadine per la commemorazione nella Piazza Luca Colosimo, a lui dedicata nel distretto toponomastico sportivo. Il Presidente di Sezione Walter Virgilio, che nel ringraziare tutti per la partecipazione a questa giornata in ricordo di Luca, condivide con i presenti <strong><a href=\"https:\/\/www.aiatorino.it\/aiatorino\/wp-content\/uploads\/2025\/03\/Lettera-aperta-per-commemorazione-civile-090325.pdf\">una lettera aperta<\/a><\/strong> in ricordo dell\u2019Amico Luca.<\/p>\n\n\n\n<figure class=\"wp-block-image size-large is-resized\"><a href=\"https:\/\/www.aiatorino.it\/aiatorino\/wp-content\/uploads\/2025\/03\/Lettera-aperta-per-commemorazione-civile-090325.pdf\"><img loading=\"lazy\" decoding=\"async\" width=\"1024\" height=\"800\" src=\"https:\/\/www.aiatorino.it\/aiatorino\/wp-content\/uploads\/2025\/03\/Screenshot-2025-03-19-alle-07.28.27-1024x800.png\" alt=\"\" class=\"wp-image-970\" style=\"width:500px\" srcset=\"https:\/\/www.aiatorino.it\/aiatorino\/wp-content\/uploads\/2025\/03\/Screenshot-2025-03-19-alle-07.28.27-1024x800.png 1024w, https:\/\/www.aiatorino.it\/aiatorino\/wp-content\/uploads\/2025\/03\/Screenshot-2025-03-19-alle-07.28.27-300x234.png 300w, https:\/\/www.aiatorino.it\/aiatorino\/wp-content\/uploads\/2025\/03\/Screenshot-2025-03-19-alle-07.28.27-768x600.png 768w, https:\/\/www.aiatorino.it\/aiatorino\/wp-content\/uploads\/2025\/03\/Screenshot-2025-03-19-alle-07.28.27-1536x1200.png 1536w, https:\/\/www.aiatorino.it\/aiatorino\/wp-content\/uploads\/2025\/03\/Screenshot-2025-03-19-alle-07.28.27.png 1544w\" sizes=\"auto, (max-width: 1024px) 100vw, 1024px\" \/><\/a><\/figure>\n\n\n\n<p class=\"wp-block-paragraph\">Segue il saluto e il pensiero della presidente del Consiglio Comunale di Torino Maria Grazia Grippo, che insieme ai presidenti di Sezione di Torino che si sono succeduti negli anni, si \u00e8 spesa per far si che il nome di Luca rimanesse per sempre impresso nella storia della citt\u00e0.<\/p>\n\n\n\n<figure class=\"wp-block-image size-large\"><img loading=\"lazy\" decoding=\"async\" width=\"1024\" height=\"768\" src=\"https:\/\/www.aiatorino.it\/aiatorino\/wp-content\/uploads\/2025\/03\/002fotodigruppoPiazza-Colosimo-1-1024x768.jpeg\" alt=\"\" class=\"wp-image-959\" srcset=\"https:\/\/www.aiatorino.it\/aiatorino\/wp-content\/uploads\/2025\/03\/002fotodigruppoPiazza-Colosimo-1-1024x768.jpeg 1024w, https:\/\/www.aiatorino.it\/aiatorino\/wp-content\/uploads\/2025\/03\/002fotodigruppoPiazza-Colosimo-1-300x225.jpeg 300w, https:\/\/www.aiatorino.it\/aiatorino\/wp-content\/uploads\/2025\/03\/002fotodigruppoPiazza-Colosimo-1-768x576.jpeg 768w, https:\/\/www.aiatorino.it\/aiatorino\/wp-content\/uploads\/2025\/03\/002fotodigruppoPiazza-Colosimo-1-1536x1152.jpeg 1536w, https:\/\/www.aiatorino.it\/aiatorino\/wp-content\/uploads\/2025\/03\/002fotodigruppoPiazza-Colosimo-1.jpeg 1600w\" sizes=\"auto, (max-width: 1024px) 100vw, 1024px\" \/><\/figure>\n\n\n\n<p class=\"wp-block-paragraph\">\u201c<em>Per la prima volta in Italia, qui al Villaretto una piazza \u00e8 stata intitolata ad un arbitro. Nel mio ruolo istituzionale<\/em> &#8211; ha proseguito la presidente Grippo &#8211; <em>io faccio di fatto l&#8217;arbitro perch\u00e9 questo \u00e8 il ruolo del Presidente del Consiglio Comunale. \u00c8 cos\u00ec che amo spiegare quello che faccio quando mi trovo di fronte a bambine e bambini delle scuole<\/em>\u201d.<\/p>\n\n\n\n<p class=\"wp-block-paragraph\">A concludere il momento di ricordo \u00e8 stato poi il presidente del CRA Piemonte Valle D\u2019Aosta Paolo Calcagno: \u201c<em>Ogni volta che ci incontriamo per Luca sembra quasi che il cielo pianga<\/em>\u201d, ad indicare il meteo ancora piovoso e nuvoloso che spesso ha accompagnato il giorno in cui si commemora la scomparsa di Luca Colosimo.<\/p>\n\n\n\n<figure class=\"wp-block-gallery has-nested-images columns-default is-cropped wp-block-gallery-2 is-layout-flex wp-block-gallery-is-layout-flex\">\n<figure class=\"wp-block-image size-large\"><img loading=\"lazy\" decoding=\"async\" width=\"1024\" height=\"575\" data-id=\"975\" src=\"https:\/\/www.aiatorino.it\/aiatorino\/wp-content\/uploads\/2025\/03\/PresidentecheparlasottolaPiazza1920x1080-1024x575.jpg\" alt=\"\" class=\"wp-image-975\" srcset=\"https:\/\/www.aiatorino.it\/aiatorino\/wp-content\/uploads\/2025\/03\/PresidentecheparlasottolaPiazza1920x1080-1024x575.jpg 1024w, https:\/\/www.aiatorino.it\/aiatorino\/wp-content\/uploads\/2025\/03\/PresidentecheparlasottolaPiazza1920x1080-300x169.jpg 300w, https:\/\/www.aiatorino.it\/aiatorino\/wp-content\/uploads\/2025\/03\/PresidentecheparlasottolaPiazza1920x1080-768x432.jpg 768w, https:\/\/www.aiatorino.it\/aiatorino\/wp-content\/uploads\/2025\/03\/PresidentecheparlasottolaPiazza1920x1080-1536x863.jpg 1536w, https:\/\/www.aiatorino.it\/aiatorino\/wp-content\/uploads\/2025\/03\/PresidentecheparlasottolaPiazza1920x1080.jpg 1920w\" sizes=\"auto, (max-width: 1024px) 100vw, 1024px\" \/><\/figure>\n\n\n\n<figure class=\"wp-block-image size-large\"><img loading=\"lazy\" decoding=\"async\" width=\"1024\" height=\"629\" data-id=\"976\" src=\"https:\/\/www.aiatorino.it\/aiatorino\/wp-content\/uploads\/2025\/03\/presidenticonAlfredo1920x1080-1024x629.jpg\" alt=\"\" class=\"wp-image-976\" srcset=\"https:\/\/www.aiatorino.it\/aiatorino\/wp-content\/uploads\/2025\/03\/presidenticonAlfredo1920x1080-1024x629.jpg 1024w, https:\/\/www.aiatorino.it\/aiatorino\/wp-content\/uploads\/2025\/03\/presidenticonAlfredo1920x1080-300x184.jpg 300w, https:\/\/www.aiatorino.it\/aiatorino\/wp-content\/uploads\/2025\/03\/presidenticonAlfredo1920x1080-768x472.jpg 768w, https:\/\/www.aiatorino.it\/aiatorino\/wp-content\/uploads\/2025\/03\/presidenticonAlfredo1920x1080-1536x944.jpg 1536w, https:\/\/www.aiatorino.it\/aiatorino\/wp-content\/uploads\/2025\/03\/presidenticonAlfredo1920x1080.jpg 1920w\" sizes=\"auto, (max-width: 1024px) 100vw, 1024px\" \/><\/figure>\n\n\n\n<figure class=\"wp-block-image size-large\"><img loading=\"lazy\" decoding=\"async\" width=\"1024\" height=\"576\" data-id=\"977\" src=\"https:\/\/www.aiatorino.it\/aiatorino\/wp-content\/uploads\/2025\/03\/InpiazzaColosimoeifiori1920x1080-1024x576.jpg\" alt=\"\" class=\"wp-image-977\" srcset=\"https:\/\/www.aiatorino.it\/aiatorino\/wp-content\/uploads\/2025\/03\/InpiazzaColosimoeifiori1920x1080-1024x576.jpg 1024w, https:\/\/www.aiatorino.it\/aiatorino\/wp-content\/uploads\/2025\/03\/InpiazzaColosimoeifiori1920x1080-300x169.jpg 300w, https:\/\/www.aiatorino.it\/aiatorino\/wp-content\/uploads\/2025\/03\/InpiazzaColosimoeifiori1920x1080-768x432.jpg 768w, https:\/\/www.aiatorino.it\/aiatorino\/wp-content\/uploads\/2025\/03\/InpiazzaColosimoeifiori1920x1080-1536x864.jpg 1536w, https:\/\/www.aiatorino.it\/aiatorino\/wp-content\/uploads\/2025\/03\/InpiazzaColosimoeifiori1920x1080.jpg 1920w\" sizes=\"auto, (max-width: 1024px) 100vw, 1024px\" \/><\/figure>\n\n\n\n<figure class=\"wp-block-image size-large\"><img loading=\"lazy\" decoding=\"async\" width=\"1024\" height=\"579\" data-id=\"978\" src=\"https:\/\/www.aiatorino.it\/aiatorino\/wp-content\/uploads\/2025\/03\/ilcampettodiLucafotodigruppo1920x1080-1024x579.jpg\" alt=\"\" class=\"wp-image-978\" srcset=\"https:\/\/www.aiatorino.it\/aiatorino\/wp-content\/uploads\/2025\/03\/ilcampettodiLucafotodigruppo1920x1080-1024x579.jpg 1024w, https:\/\/www.aiatorino.it\/aiatorino\/wp-content\/uploads\/2025\/03\/ilcampettodiLucafotodigruppo1920x1080-300x170.jpg 300w, https:\/\/www.aiatorino.it\/aiatorino\/wp-content\/uploads\/2025\/03\/ilcampettodiLucafotodigruppo1920x1080-768x434.jpg 768w, https:\/\/www.aiatorino.it\/aiatorino\/wp-content\/uploads\/2025\/03\/ilcampettodiLucafotodigruppo1920x1080-1536x869.jpg 1536w, https:\/\/www.aiatorino.it\/aiatorino\/wp-content\/uploads\/2025\/03\/ilcampettodiLucafotodigruppo1920x1080.jpg 1910w\" sizes=\"auto, (max-width: 1024px) 100vw, 1024px\" \/><\/figure>\n\n\n\n<figure class=\"wp-block-image size-large\"><img loading=\"lazy\" decoding=\"async\" width=\"1024\" height=\"576\" data-id=\"979\" src=\"https:\/\/www.aiatorino.it\/aiatorino\/wp-content\/uploads\/2025\/03\/FotogruppoaSantAlfonso1920x1080-1024x576.jpg\" alt=\"\" class=\"wp-image-979\" srcset=\"https:\/\/www.aiatorino.it\/aiatorino\/wp-content\/uploads\/2025\/03\/FotogruppoaSantAlfonso1920x1080-1024x576.jpg 1024w, https:\/\/www.aiatorino.it\/aiatorino\/wp-content\/uploads\/2025\/03\/FotogruppoaSantAlfonso1920x1080-300x169.jpg 300w, https:\/\/www.aiatorino.it\/aiatorino\/wp-content\/uploads\/2025\/03\/FotogruppoaSantAlfonso1920x1080-768x432.jpg 768w, https:\/\/www.aiatorino.it\/aiatorino\/wp-content\/uploads\/2025\/03\/FotogruppoaSantAlfonso1920x1080-1536x864.jpg 1536w, https:\/\/www.aiatorino.it\/aiatorino\/wp-content\/uploads\/2025\/03\/FotogruppoaSantAlfonso1920x1080.jpg 1920w\" sizes=\"auto, (max-width: 1024px) 100vw, 1024px\" \/><\/figure>\n\n\n\n<figure class=\"wp-block-image size-large\"><img loading=\"lazy\" decoding=\"async\" width=\"1024\" height=\"576\" data-id=\"980\" src=\"https:\/\/www.aiatorino.it\/aiatorino\/wp-content\/uploads\/2025\/03\/arbitrePresidentiArbitridagara1920x1080-1024x576.jpg\" alt=\"\" class=\"wp-image-980\" srcset=\"https:\/\/www.aiatorino.it\/aiatorino\/wp-content\/uploads\/2025\/03\/arbitrePresidentiArbitridagara1920x1080-1024x576.jpg 1024w, https:\/\/www.aiatorino.it\/aiatorino\/wp-content\/uploads\/2025\/03\/arbitrePresidentiArbitridagara1920x1080-300x169.jpg 300w, https:\/\/www.aiatorino.it\/aiatorino\/wp-content\/uploads\/2025\/03\/arbitrePresidentiArbitridagara1920x1080-768x432.jpg 768w, https:\/\/www.aiatorino.it\/aiatorino\/wp-content\/uploads\/2025\/03\/arbitrePresidentiArbitridagara1920x1080-1536x864.jpg 1536w, https:\/\/www.aiatorino.it\/aiatorino\/wp-content\/uploads\/2025\/03\/arbitrePresidentiArbitridagara1920x1080.jpg 1921w\" sizes=\"auto, (max-width: 1024px) 100vw, 1024px\" \/><figcaption class=\"wp-element-caption\">Screenshot<\/figcaption><\/figure>\n\n\n\n<figure class=\"wp-block-image size-large\"><img loading=\"lazy\" decoding=\"async\" width=\"1024\" height=\"576\" data-id=\"981\" src=\"https:\/\/www.aiatorino.it\/aiatorino\/wp-content\/uploads\/2025\/03\/AIATO-inPiazzaCOLOSIMO1920x1080-1024x576.jpg\" alt=\"\" class=\"wp-image-981\" srcset=\"https:\/\/www.aiatorino.it\/aiatorino\/wp-content\/uploads\/2025\/03\/AIATO-inPiazzaCOLOSIMO1920x1080-1024x576.jpg 1024w, https:\/\/www.aiatorino.it\/aiatorino\/wp-content\/uploads\/2025\/03\/AIATO-inPiazzaCOLOSIMO1920x1080-300x169.jpg 300w, https:\/\/www.aiatorino.it\/aiatorino\/wp-content\/uploads\/2025\/03\/AIATO-inPiazzaCOLOSIMO1920x1080-768x432.jpg 768w, https:\/\/www.aiatorino.it\/aiatorino\/wp-content\/uploads\/2025\/03\/AIATO-inPiazzaCOLOSIMO1920x1080-1536x864.jpg 1536w, https:\/\/www.aiatorino.it\/aiatorino\/wp-content\/uploads\/2025\/03\/AIATO-inPiazzaCOLOSIMO1920x1080.jpg 1920w\" sizes=\"auto, (max-width: 1024px) 100vw, 1024px\" \/><\/figure>\n<\/figure>\n\n\n\n<p class=\"wp-block-paragraph\"><em>Walter, Alessandro e Nino<\/em><\/p>\n","protected":false},"excerpt":{"rendered":"<p>A dieci anni dalla scomparsa di Luca Colosimo, avvenuta in un tragico incidente stradale mentre rientrava da una gara di Serie C a Ferrara, la Sezione di Torino continua a far vivere il suo sogno di arbitrare un giorno in Serie A e il suo ricordo, trasmettendolo a chi Luca non lo ha potuto conoscere. [&hellip;]<\/p>\n","protected":false},"author":5,"featured_media":905,"comment_status":"closed","ping_status":"closed","sticky":false,"template":"","format":"standard","meta":{"pagelayer_contact_templates":[],"_pagelayer_content":"","footnotes":""},"categories":[1],"tags":[8,22,14,27,10,21],"class_list":["post-896","post","type-post","status-publish","format-standard","has-post-thumbnail","hentry","category-uncategorized","tag-aia","tag-arbitro","tag-calcio","tag-figc","tag-luca-colosimo","tag-sezione-aia-torino"],"yoast_head":"<!-- This site is optimized with the Yoast SEO plugin v28.4 - https:\/\/yoast.com\/product\/yoast-seo-wordpress\/ -->\n<title>A dieci anni dal sogno di Luca Colosimo - AIA Torino<\/title>\n<meta name=\"description\" content=\"A dieci anni dal sogno di Luca Colosimo i tuoi amici arbitri della Sezione di Torino, che ti \u00e8 stata intitolata, e non solo sono tutti qui.\" \/>\n<meta name=\"robots\" content=\"index, follow, max-snippet:-1, max-image-preview:large, max-video-preview:-1\" \/>\n<link rel=\"canonical\" href=\"https:\/\/www.aiatorino.it\/aiatorino\/home\/2025\/03\/11\/a-dieci-anni-dal-sogno-di-luca-colosimo\/\" \/>\n<meta property=\"og:locale\" content=\"it_IT\" \/>\n<meta property=\"og:type\" content=\"article\" \/>\n<meta property=\"og:title\" content=\"A dieci anni dal sogno di Luca Colosimo\" \/>\n<meta property=\"og:description\" content=\"A dieci anni dal sogno di Luca Colosimo, oggi come allora, i tuoi amici arbitri della Sezione di Torino, che ti \u00e8 stata intitolata, e non solo sono tutti qui.\" \/>\n<meta property=\"og:url\" content=\"https:\/\/www.aiatorino.it\/aiatorino\/home\/2025\/03\/11\/a-dieci-anni-dal-sogno-di-luca-colosimo\/\" \/>\n<meta property=\"og:site_name\" content=\"AIA Torino\" \/>\n<meta property=\"article:publisher\" content=\"https:\/\/www.facebook.com\/aiatorino\" \/>\n<meta property=\"article:published_time\" content=\"2025-03-11T21:46:33+00:00\" \/>\n<meta property=\"article:modified_time\" content=\"2025-03-23T06:38:32+00:00\" \/>\n<meta property=\"og:image\" content=\"https:\/\/www.aiatorino.it\/aiatorino\/wp-content\/uploads\/2025\/03\/Lucaincampo.jpg\" \/>\n\t<meta property=\"og:image:width\" content=\"1538\" \/>\n\t<meta property=\"og:image:height\" content=\"1016\" \/>\n\t<meta property=\"og:image:type\" content=\"image\/jpeg\" \/>\n<meta name=\"author\" content=\"Riccardo Trionfante\" \/>\n<meta name=\"twitter:card\" content=\"summary_large_image\" \/>\n<meta name=\"twitter:label1\" content=\"Scritto da\" \/>\n\t<meta name=\"twitter:data1\" content=\"Riccardo Trionfante\" \/>\n\t<meta name=\"twitter:label2\" content=\"Tempo di lettura stimato\" \/>\n\t<meta name=\"twitter:data2\" content=\"7 minuti\" \/>\n<script type=\"application\/ld+json\" class=\"yoast-schema-graph\">{\"@context\":\"https:\\\/\\\/schema.org\",\"@graph\":[{\"@type\":\"Article\",\"@id\":\"https:\\\/\\\/www.aiatorino.it\\\/aiatorino\\\/home\\\/2025\\\/03\\\/11\\\/a-dieci-anni-dal-sogno-di-luca-colosimo\\\/#article\",\"isPartOf\":{\"@id\":\"https:\\\/\\\/www.aiatorino.it\\\/aiatorino\\\/home\\\/2025\\\/03\\\/11\\\/a-dieci-anni-dal-sogno-di-luca-colosimo\\\/\"},\"author\":{\"name\":\"Riccardo Trionfante\",\"@id\":\"https:\\\/\\\/www.aiatorino.it\\\/aiatorino\\\/home\\\/#\\\/schema\\\/person\\\/2097bcc91c89bd1c92fd717f95d25c74\"},\"headline\":\"A dieci anni dal sogno di Luca Colosimo\",\"datePublished\":\"2025-03-11T21:46:33+00:00\",\"dateModified\":\"2025-03-23T06:38:32+00:00\",\"mainEntityOfPage\":{\"@id\":\"https:\\\/\\\/www.aiatorino.it\\\/aiatorino\\\/home\\\/2025\\\/03\\\/11\\\/a-dieci-anni-dal-sogno-di-luca-colosimo\\\/\"},\"wordCount\":759,\"publisher\":{\"@id\":\"https:\\\/\\\/www.aiatorino.it\\\/aiatorino\\\/home\\\/#organization\"},\"image\":{\"@id\":\"https:\\\/\\\/www.aiatorino.it\\\/aiatorino\\\/home\\\/2025\\\/03\\\/11\\\/a-dieci-anni-dal-sogno-di-luca-colosimo\\\/#primaryimage\"},\"thumbnailUrl\":\"https:\\\/\\\/www.aiatorino.it\\\/aiatorino\\\/wp-content\\\/uploads\\\/2025\\\/03\\\/Lucaincampo.jpg\",\"keywords\":[\"aia\",\"arbitro\",\"calcio\",\"FIGC\",\"Luca Colosimo\",\"sezione aia torino\"],\"articleSection\":[\"Uncategorized\"],\"inLanguage\":\"it-IT\"},{\"@type\":\"WebPage\",\"@id\":\"https:\\\/\\\/www.aiatorino.it\\\/aiatorino\\\/home\\\/2025\\\/03\\\/11\\\/a-dieci-anni-dal-sogno-di-luca-colosimo\\\/\",\"url\":\"https:\\\/\\\/www.aiatorino.it\\\/aiatorino\\\/home\\\/2025\\\/03\\\/11\\\/a-dieci-anni-dal-sogno-di-luca-colosimo\\\/\",\"name\":\"A dieci anni dal sogno di Luca Colosimo - AIA Torino\",\"isPartOf\":{\"@id\":\"https:\\\/\\\/www.aiatorino.it\\\/aiatorino\\\/home\\\/#website\"},\"primaryImageOfPage\":{\"@id\":\"https:\\\/\\\/www.aiatorino.it\\\/aiatorino\\\/home\\\/2025\\\/03\\\/11\\\/a-dieci-anni-dal-sogno-di-luca-colosimo\\\/#primaryimage\"},\"image\":{\"@id\":\"https:\\\/\\\/www.aiatorino.it\\\/aiatorino\\\/home\\\/2025\\\/03\\\/11\\\/a-dieci-anni-dal-sogno-di-luca-colosimo\\\/#primaryimage\"},\"thumbnailUrl\":\"https:\\\/\\\/www.aiatorino.it\\\/aiatorino\\\/wp-content\\\/uploads\\\/2025\\\/03\\\/Lucaincampo.jpg\",\"datePublished\":\"2025-03-11T21:46:33+00:00\",\"dateModified\":\"2025-03-23T06:38:32+00:00\",\"description\":\"A dieci anni dal sogno di Luca Colosimo i tuoi amici arbitri della Sezione di Torino, che ti \u00e8 stata intitolata, e non solo sono tutti qui.\",\"breadcrumb\":{\"@id\":\"https:\\\/\\\/www.aiatorino.it\\\/aiatorino\\\/home\\\/2025\\\/03\\\/11\\\/a-dieci-anni-dal-sogno-di-luca-colosimo\\\/#breadcrumb\"},\"inLanguage\":\"it-IT\",\"potentialAction\":[{\"@type\":\"ReadAction\",\"target\":[\"https:\\\/\\\/www.aiatorino.it\\\/aiatorino\\\/home\\\/2025\\\/03\\\/11\\\/a-dieci-anni-dal-sogno-di-luca-colosimo\\\/\"]}]},{\"@type\":\"ImageObject\",\"inLanguage\":\"it-IT\",\"@id\":\"https:\\\/\\\/www.aiatorino.it\\\/aiatorino\\\/home\\\/2025\\\/03\\\/11\\\/a-dieci-anni-dal-sogno-di-luca-colosimo\\\/#primaryimage\",\"url\":\"https:\\\/\\\/www.aiatorino.it\\\/aiatorino\\\/wp-content\\\/uploads\\\/2025\\\/03\\\/Lucaincampo.jpg\",\"contentUrl\":\"https:\\\/\\\/www.aiatorino.it\\\/aiatorino\\\/wp-content\\\/uploads\\\/2025\\\/03\\\/Lucaincampo.jpg\",\"width\":1538,\"height\":1016,\"caption\":\"Screenshot\"},{\"@type\":\"BreadcrumbList\",\"@id\":\"https:\\\/\\\/www.aiatorino.it\\\/aiatorino\\\/home\\\/2025\\\/03\\\/11\\\/a-dieci-anni-dal-sogno-di-luca-colosimo\\\/#breadcrumb\",\"itemListElement\":[{\"@type\":\"ListItem\",\"position\":1,\"name\":\"Home\",\"item\":\"https:\\\/\\\/www.aiatorino.it\\\/aiatorino\\\/home\\\/\"},{\"@type\":\"ListItem\",\"position\":2,\"name\":\"A dieci anni dal sogno di Luca Colosimo\"}]},{\"@type\":\"WebSite\",\"@id\":\"https:\\\/\\\/www.aiatorino.it\\\/aiatorino\\\/home\\\/#website\",\"url\":\"https:\\\/\\\/www.aiatorino.it\\\/aiatorino\\\/home\\\/\",\"name\":\"AIA Torino\",\"description\":\"Sezione Luca Colosimo\",\"publisher\":{\"@id\":\"https:\\\/\\\/www.aiatorino.it\\\/aiatorino\\\/home\\\/#organization\"},\"potentialAction\":[{\"@type\":\"SearchAction\",\"target\":{\"@type\":\"EntryPoint\",\"urlTemplate\":\"https:\\\/\\\/www.aiatorino.it\\\/aiatorino\\\/home\\\/?s={search_term_string}\"},\"query-input\":{\"@type\":\"PropertyValueSpecification\",\"valueRequired\":true,\"valueName\":\"search_term_string\"}}],\"inLanguage\":\"it-IT\"},{\"@type\":\"Organization\",\"@id\":\"https:\\\/\\\/www.aiatorino.it\\\/aiatorino\\\/home\\\/#organization\",\"name\":\"AIA Torino\",\"url\":\"https:\\\/\\\/www.aiatorino.it\\\/aiatorino\\\/home\\\/\",\"logo\":{\"@type\":\"ImageObject\",\"inLanguage\":\"it-IT\",\"@id\":\"https:\\\/\\\/www.aiatorino.it\\\/aiatorino\\\/home\\\/#\\\/schema\\\/logo\\\/image\\\/\",\"url\":\"https:\\\/\\\/www.aiatorino.it\\\/aiatorino\\\/wp-content\\\/uploads\\\/2025\\\/09\\\/logo-web.png\",\"contentUrl\":\"https:\\\/\\\/www.aiatorino.it\\\/aiatorino\\\/wp-content\\\/uploads\\\/2025\\\/09\\\/logo-web.png\",\"width\":512,\"height\":512,\"caption\":\"AIA Torino\"},\"image\":{\"@id\":\"https:\\\/\\\/www.aiatorino.it\\\/aiatorino\\\/home\\\/#\\\/schema\\\/logo\\\/image\\\/\"},\"sameAs\":[\"https:\\\/\\\/www.facebook.com\\\/aiatorino\",\"https:\\\/\\\/www.instagram.com\\\/aiatorino\\\/\"]},{\"@type\":\"Person\",\"@id\":\"https:\\\/\\\/www.aiatorino.it\\\/aiatorino\\\/home\\\/#\\\/schema\\\/person\\\/2097bcc91c89bd1c92fd717f95d25c74\",\"name\":\"Riccardo Trionfante\",\"image\":{\"@type\":\"ImageObject\",\"inLanguage\":\"it-IT\",\"@id\":\"https:\\\/\\\/secure.gravatar.com\\\/avatar\\\/36c4465ae94737356530c10777cbf9d5d72aa84deb8f62b51c8f23bf4cd2b242?s=96&d=mm&r=g\",\"url\":\"https:\\\/\\\/secure.gravatar.com\\\/avatar\\\/36c4465ae94737356530c10777cbf9d5d72aa84deb8f62b51c8f23bf4cd2b242?s=96&d=mm&r=g\",\"contentUrl\":\"https:\\\/\\\/secure.gravatar.com\\\/avatar\\\/36c4465ae94737356530c10777cbf9d5d72aa84deb8f62b51c8f23bf4cd2b242?s=96&d=mm&r=g\",\"caption\":\"Riccardo Trionfante\"},\"url\":\"https:\\\/\\\/www.aiatorino.it\\\/aiatorino\\\/home\\\/author\\\/riccardo_admin\\\/\"}]}<\/script>\n<!-- \/ Yoast SEO plugin. -->","yoast_head_json":{"title":"A dieci anni dal sogno di Luca Colosimo - AIA Torino","description":"A dieci anni dal sogno di Luca Colosimo i tuoi amici arbitri della Sezione di Torino, che ti \u00e8 stata intitolata, e non solo sono tutti qui.","robots":{"index":"index","follow":"follow","max-snippet":"max-snippet:-1","max-image-preview":"max-image-preview:large","max-video-preview":"max-video-preview:-1"},"canonical":"https:\/\/www.aiatorino.it\/aiatorino\/home\/2025\/03\/11\/a-dieci-anni-dal-sogno-di-luca-colosimo\/","og_locale":"it_IT","og_type":"article","og_title":"A dieci anni dal sogno di Luca Colosimo","og_description":"A dieci anni dal sogno di Luca Colosimo, oggi come allora, i tuoi amici arbitri della Sezione di Torino, che ti \u00e8 stata intitolata, e non solo sono tutti qui.","og_url":"https:\/\/www.aiatorino.it\/aiatorino\/home\/2025\/03\/11\/a-dieci-anni-dal-sogno-di-luca-colosimo\/","og_site_name":"AIA Torino","article_publisher":"https:\/\/www.facebook.com\/aiatorino","article_published_time":"2025-03-11T21:46:33+00:00","article_modified_time":"2025-03-23T06:38:32+00:00","og_image":[{"width":1538,"height":1016,"url":"https:\/\/www.aiatorino.it\/aiatorino\/wp-content\/uploads\/2025\/03\/Lucaincampo.jpg","type":"image\/jpeg"}],"author":"Riccardo Trionfante","twitter_card":"summary_large_image","twitter_misc":{"Scritto da":"Riccardo Trionfante","Tempo di lettura stimato":"7 minuti"},"schema":{"@context":"https:\/\/schema.org","@graph":[{"@type":"Article","@id":"https:\/\/www.aiatorino.it\/aiatorino\/home\/2025\/03\/11\/a-dieci-anni-dal-sogno-di-luca-colosimo\/#article","isPartOf":{"@id":"https:\/\/www.aiatorino.it\/aiatorino\/home\/2025\/03\/11\/a-dieci-anni-dal-sogno-di-luca-colosimo\/"},"author":{"name":"Riccardo Trionfante","@id":"https:\/\/www.aiatorino.it\/aiatorino\/home\/#\/schema\/person\/2097bcc91c89bd1c92fd717f95d25c74"},"headline":"A dieci anni dal sogno di Luca Colosimo","datePublished":"2025-03-11T21:46:33+00:00","dateModified":"2025-03-23T06:38:32+00:00","mainEntityOfPage":{"@id":"https:\/\/www.aiatorino.it\/aiatorino\/home\/2025\/03\/11\/a-dieci-anni-dal-sogno-di-luca-colosimo\/"},"wordCount":759,"publisher":{"@id":"https:\/\/www.aiatorino.it\/aiatorino\/home\/#organization"},"image":{"@id":"https:\/\/www.aiatorino.it\/aiatorino\/home\/2025\/03\/11\/a-dieci-anni-dal-sogno-di-luca-colosimo\/#primaryimage"},"thumbnailUrl":"https:\/\/www.aiatorino.it\/aiatorino\/wp-content\/uploads\/2025\/03\/Lucaincampo.jpg","keywords":["aia","arbitro","calcio","FIGC","Luca Colosimo","sezione aia torino"],"articleSection":["Uncategorized"],"inLanguage":"it-IT"},{"@type":"WebPage","@id":"https:\/\/www.aiatorino.it\/aiatorino\/home\/2025\/03\/11\/a-dieci-anni-dal-sogno-di-luca-colosimo\/","url":"https:\/\/www.aiatorino.it\/aiatorino\/home\/2025\/03\/11\/a-dieci-anni-dal-sogno-di-luca-colosimo\/","name":"A dieci anni dal sogno di Luca Colosimo - AIA Torino","isPartOf":{"@id":"https:\/\/www.aiatorino.it\/aiatorino\/home\/#website"},"primaryImageOfPage":{"@id":"https:\/\/www.aiatorino.it\/aiatorino\/home\/2025\/03\/11\/a-dieci-anni-dal-sogno-di-luca-colosimo\/#primaryimage"},"image":{"@id":"https:\/\/www.aiatorino.it\/aiatorino\/home\/2025\/03\/11\/a-dieci-anni-dal-sogno-di-luca-colosimo\/#primaryimage"},"thumbnailUrl":"https:\/\/www.aiatorino.it\/aiatorino\/wp-content\/uploads\/2025\/03\/Lucaincampo.jpg","datePublished":"2025-03-11T21:46:33+00:00","dateModified":"2025-03-23T06:38:32+00:00","description":"A dieci anni dal sogno di Luca Colosimo i tuoi amici arbitri della Sezione di Torino, che ti \u00e8 stata intitolata, e non solo sono tutti qui.","breadcrumb":{"@id":"https:\/\/www.aiatorino.it\/aiatorino\/home\/2025\/03\/11\/a-dieci-anni-dal-sogno-di-luca-colosimo\/#breadcrumb"},"inLanguage":"it-IT","potentialAction":[{"@type":"ReadAction","target":["https:\/\/www.aiatorino.it\/aiatorino\/home\/2025\/03\/11\/a-dieci-anni-dal-sogno-di-luca-colosimo\/"]}]},{"@type":"ImageObject","inLanguage":"it-IT","@id":"https:\/\/www.aiatorino.it\/aiatorino\/home\/2025\/03\/11\/a-dieci-anni-dal-sogno-di-luca-colosimo\/#primaryimage","url":"https:\/\/www.aiatorino.it\/aiatorino\/wp-content\/uploads\/2025\/03\/Lucaincampo.jpg","contentUrl":"https:\/\/www.aiatorino.it\/aiatorino\/wp-content\/uploads\/2025\/03\/Lucaincampo.jpg","width":1538,"height":1016,"caption":"Screenshot"},{"@type":"BreadcrumbList","@id":"https:\/\/www.aiatorino.it\/aiatorino\/home\/2025\/03\/11\/a-dieci-anni-dal-sogno-di-luca-colosimo\/#breadcrumb","itemListElement":[{"@type":"ListItem","position":1,"name":"Home","item":"https:\/\/www.aiatorino.it\/aiatorino\/home\/"},{"@type":"ListItem","position":2,"name":"A dieci anni dal sogno di Luca Colosimo"}]},{"@type":"WebSite","@id":"https:\/\/www.aiatorino.it\/aiatorino\/home\/#website","url":"https:\/\/www.aiatorino.it\/aiatorino\/home\/","name":"AIA Torino","description":"Sezione Luca Colosimo","publisher":{"@id":"https:\/\/www.aiatorino.it\/aiatorino\/home\/#organization"},"potentialAction":[{"@type":"SearchAction","target":{"@type":"EntryPoint","urlTemplate":"https:\/\/www.aiatorino.it\/aiatorino\/home\/?s={search_term_string}"},"query-input":{"@type":"PropertyValueSpecification","valueRequired":true,"valueName":"search_term_string"}}],"inLanguage":"it-IT"},{"@type":"Organization","@id":"https:\/\/www.aiatorino.it\/aiatorino\/home\/#organization","name":"AIA Torino","url":"https:\/\/www.aiatorino.it\/aiatorino\/home\/","logo":{"@type":"ImageObject","inLanguage":"it-IT","@id":"https:\/\/www.aiatorino.it\/aiatorino\/home\/#\/schema\/logo\/image\/","url":"https:\/\/www.aiatorino.it\/aiatorino\/wp-content\/uploads\/2025\/09\/logo-web.png","contentUrl":"https:\/\/www.aiatorino.it\/aiatorino\/wp-content\/uploads\/2025\/09\/logo-web.png","width":512,"height":512,"caption":"AIA Torino"},"image":{"@id":"https:\/\/www.aiatorino.it\/aiatorino\/home\/#\/schema\/logo\/image\/"},"sameAs":["https:\/\/www.facebook.com\/aiatorino","https:\/\/www.instagram.com\/aiatorino\/"]},{"@type":"Person","@id":"https:\/\/www.aiatorino.it\/aiatorino\/home\/#\/schema\/person\/2097bcc91c89bd1c92fd717f95d25c74","name":"Riccardo Trionfante","image":{"@type":"ImageObject","inLanguage":"it-IT","@id":"https:\/\/secure.gravatar.com\/avatar\/36c4465ae94737356530c10777cbf9d5d72aa84deb8f62b51c8f23bf4cd2b242?s=96&d=mm&r=g","url":"https:\/\/secure.gravatar.com\/avatar\/36c4465ae94737356530c10777cbf9d5d72aa84deb8f62b51c8f23bf4cd2b242?s=96&d=mm&r=g","contentUrl":"https:\/\/secure.gravatar.com\/avatar\/36c4465ae94737356530c10777cbf9d5d72aa84deb8f62b51c8f23bf4cd2b242?s=96&d=mm&r=g","caption":"Riccardo Trionfante"},"url":"https:\/\/www.aiatorino.it\/aiatorino\/home\/author\/riccardo_admin\/"}]}},"_links":{"self":[{"href":"https:\/\/www.aiatorino.it\/aiatorino\/home\/wp-json\/wp\/v2\/posts\/896","targetHints":{"allow":["GET"]}}],"collection":[{"href":"https:\/\/www.aiatorino.it\/aiatorino\/home\/wp-json\/wp\/v2\/posts"}],"about":[{"href":"https:\/\/www.aiatorino.it\/aiatorino\/home\/wp-json\/wp\/v2\/types\/post"}],"author":[{"embeddable":true,"href":"https:\/\/www.aiatorino.it\/aiatorino\/home\/wp-json\/wp\/v2\/users\/5"}],"replies":[{"embeddable":true,"href":"https:\/\/www.aiatorino.it\/aiatorino\/home\/wp-json\/wp\/v2\/comments?post=896"}],"version-history":[{"count":45,"href":"https:\/\/www.aiatorino.it\/aiatorino\/home\/wp-json\/wp\/v2\/posts\/896\/revisions"}],"predecessor-version":[{"id":983,"href":"https:\/\/www.aiatorino.it\/aiatorino\/home\/wp-json\/wp\/v2\/posts\/896\/revisions\/983"}],"wp:featuredmedia":[{"embeddable":true,"href":"https:\/\/www.aiatorino.it\/aiatorino\/home\/wp-json\/wp\/v2\/media\/905"}],"wp:attachment":[{"href":"https:\/\/www.aiatorino.it\/aiatorino\/home\/wp-json\/wp\/v2\/media?parent=896"}],"wp:term":[{"taxonomy":"category","embeddable":true,"href":"https:\/\/www.aiatorino.it\/aiatorino\/home\/wp-json\/wp\/v2\/categories?post=896"},{"taxonomy":"post_tag","embeddable":true,"href":"https:\/\/www.aiatorino.it\/aiatorino\/home\/wp-json\/wp\/v2\/tags?post=896"}],"curies":[{"name":"wp","href":"https:\/\/api.w.org\/{rel}","templated":true}]}}